{"id":14868,"date":"2026-09-01T01:03:27","date_gmt":"2026-09-01T08:03:27","guid":{"rendered":"https:\/\/buenosdiasbcs.com\/?p=14868"},"modified":"2026-09-01T01:03:30","modified_gmt":"2026-09-01T08:03:30","slug":"insolito-en-san-jose-del-cabo-captan-a-persona-atada-a-un-automovil-en-movimiento","status":"publish","type":"post","link":"https:\/\/buenosdiasbcs.com\/?p=14868","title":{"rendered":"\u00a1Ins\u00f3lito en San Jos\u00e9 del Cabo! Captan a persona atada a un autom\u00f3vil en movimiento"},"content":{"rendered":"\n<h2 id=\"h-el-hecho-habria-ocurrido-frente-a-una-tienda-de-conveniencia-de-san-jose-del-cabo-y-genero-criticas-entre-usuarios-sobre-el-posible-riesgo\" class=\"wp-block-heading\">El hecho habr\u00eda ocurrido frente a una tienda de conveniencia de San Jos\u00e9 del Cabo y gener\u00f3 criticas entre usuarios sobre el posible riesgo.<\/h2>\n\n\n\n<p class=\"wp-block-paragraph\">La escena gener\u00f3 desde comentarios humor\u00edsticos e hip\u00f3tesis sobre apuestas hasta cr\u00edticas por el peligro vial que representaba el traslado. Foto: cortes\u00eda<\/p>\n\n\n\n<p class=\"wp-block-paragraph\">Un video que se viraliz\u00f3 este fin de semana muestra&nbsp;<a href=\"https:\/\/www.posta.com.mx\/bcs\/video-policias-retiran-red-a-tortuga-tras-desove-en-la-paz-y-se-desata-enfrentamiento-verbal-con-una-mujer\/vl2249283\">un enfrentamiento verbal entre polic\u00edas y una mujer, despu\u00e9s de que los agentes auxiliaran a una tortuga que estaba atorada en una red mientras desovaba<\/a>. Ahora, a esta grabaci\u00f3n se suma otro video en el que&nbsp;<strong>una persona fue captada aparentemente sujeta a un autom\u00f3vil.<\/strong><\/p>\n\n\n\n<p class=\"wp-block-paragraph\">El&nbsp;<strong>segundo caso<\/strong>&nbsp;gener\u00f3 reacciones en redes sociales por el posible riesgo que representaba para la persona y para otros conductores que circulaban por una zona comercial de Los Cabos.<\/p>\n\n\n\n<h2 id=\"h-que-muestra-el-video-de-la-persona-aparentemente-atada-al-automovil-en-nbsp-san-jose-del-cabo\" class=\"wp-block-heading\">\u00bfQu\u00e9 muestra el video de la persona aparentemente atada al autom\u00f3vil en&nbsp;<strong>San Jos\u00e9 del Cabo<\/strong>?<\/h2>\n\n\n\n<p class=\"wp-block-paragraph\">De acuerdo con la informaci\u00f3n que acompa\u00f1a el video, la escena habr\u00eda sido&nbsp;<strong>grabada recientemente<\/strong>&nbsp;durante la noche en una calle de&nbsp;<strong>San Jos\u00e9 del Cabo<\/strong>.<\/p>\n\n\n\n<p class=\"wp-block-paragraph\">Sin embargo,&nbsp;<strong>no se ha confirmado la fecha exacta de la grabaci\u00f3n<\/strong>, por lo que no puede asegurarse que el hecho haya ocurrido en los \u00faltimos d\u00edas.<\/p>\n\n\n\n<p class=\"wp-block-paragraph\">En las im\u00e1genes se observa un autom\u00f3vil sed\u00e1n de color gris que avanza lentamente por la v\u00eda p\u00fablica; en la&nbsp;<strong>parte trasera<\/strong>&nbsp;del veh\u00edculo aparece; aparentemente, un hombre con una peluca rubia, sujeto sobre la cajuela.<\/p>\n\n\n\n<p class=\"wp-block-paragraph\">La persona parece apoyarse en la parte posterior del autom\u00f3vil y en una estructura o&nbsp;<strong>portabicicletas instalado<\/strong>&nbsp;en la&nbsp;<strong>parte trasera<\/strong>, la grabaci\u00f3n fue realizada desde el interior de otro veh\u00edculo que circulaba detr\u00e1s.<\/p>\n\n\n\n<p class=\"wp-block-paragraph\">En la escena tambi\u00e9n se observan postes de luz,&nbsp;<strong>alumbrado p\u00fablico<\/strong>&nbsp;encendido y&nbsp;<strong>otros autom\u00f3viles<\/strong>&nbsp;que transitan por la zona, de fondo se escucha m\u00fasica proveniente del veh\u00edculo desde el que se realiz\u00f3 la grabaci\u00f3n.<\/p>\n\n\n\n<p class=\"wp-block-paragraph\">Algunas personas tomaron el hecho con humor, mientras que otras se\u00f1alaron que, independientemente de la raz\u00f3n,&nbsp;<strong>trasladarse de esa manera representa un riesgo.<\/strong><\/p>\n\n\n\n<p class=\"wp-block-paragraph\">Mientras que otras se\u00f1alaron que, independientemente de la raz\u00f3n, trasladarse de esa manera representa un riesgo.&nbsp;Entre los&nbsp;<strong>comentarios publicados<\/strong>&nbsp;se pueden leer lo siguiente:<\/p>\n\n\n\n<ul class=\"wp-block-list\">\n<li>\u201c<strong>Ya no cab\u00eda<\/strong>\u00a0adentro jajajaja&#8221;<\/li>\n\n\n\n<li>\u201cBuena idea para el Halloween&#8221;<\/li>\n\n\n\n<li>\u201cEs la\u00a0<strong>c\u00e1mara de reversa<\/strong>\u201d<\/li>\n\n\n\n<li>\u201cVan hacer un sacrificio al dios de la lluvia para que llueva\u201d<\/li>\n\n\n\n<li>\u201cMe suena m\u00e1s a que est\u00e1 pagando una apuesta\u201d<\/li>\n\n\n\n<li>\u201cDa risa, pero no deja de ser peligroso para los dem\u00e1s\u201d<\/li>\n\n\n\n<li>\u201cPues se ve\u00a0<strong>muy complacido<\/strong>, no lo veo pidiendo ayuda\u201d<\/li>\n\n\n\n<li>\u201c<strong>\u00bfSer\u00e1 el amante?<\/strong>\u201d<\/li>\n<\/ul>\n\n\n\n<p class=\"wp-block-paragraph\">Uno de los comentarios se\u00f1al\u00f3 que, aunque pudiera tratarse de un juego, ser\u00eda&nbsp;<strong>necesario conocer<\/strong>&nbsp;qu\u00e9 ocurri\u00f3 realmente para descartar que la persona estuviera siendo obligada a permanecer en esa posici\u00f3n.<\/p>\n\n\n\n<h2 id=\"h-que-se-sabe-de-la-persona-aparentemente-atada-a-un-automovil-en-nbsp-san-jose-del-cabo\" class=\"wp-block-heading\">\u00bfQu\u00e9 se sabe de la persona aparentemente atada a un autom\u00f3vil en&nbsp;<strong>San Jos\u00e9 del Cabo<\/strong>?<\/h2>\n\n\n\n<p class=\"wp-block-paragraph\">Hasta el momento no se cuenta con informaci\u00f3n sobre la identidad de&nbsp;<strong>la persona que aparece en la grabaci\u00f3n<\/strong>&nbsp;ni sobre el motivo por el que viajaba de esa manera.&nbsp;<\/p>\n\n\n\n<p class=\"wp-block-paragraph\">Tampoco se ha confirmado si se trataba de una&nbsp;<strong>situaci\u00f3n acordada<\/strong>&nbsp;entre las personas involucradas o si ocurri\u00f3 alg\u00fan&nbsp;<strong>otro incidente<\/strong>.<\/p>\n\n\n\n<p class=\"wp-block-paragraph\">La informaci\u00f3n que acompa\u00f1a el video se\u00f1ala que habr\u00eda sido&nbsp;<strong>grabado recientemente<\/strong>&nbsp;en&nbsp;<strong>San Jos\u00e9 del Cabo<\/strong>, pero&nbsp;<strong>la fecha exacta de la grabaci\u00f3n no ha sido confirmada; p<\/strong>or ello, no es posible asegurar que las im\u00e1genes correspondan a un hecho ocurrido durante este fin de semana.<\/p>\n\n\n\n<p class=\"wp-block-paragraph\">Tampoco se&nbsp;<strong>ha informado p\u00fablicamente si hubo una denuncia<\/strong>, si alguna persona solicit\u00f3 ayuda o si los servicios de emergencia tuvieron conocimiento del caso.<\/p>\n\n\n\n<p class=\"wp-block-paragraph\">Este no es el \u00fanico caso reciente en Los Cabos que qued\u00f3 registrado en video, ya que hace unos d\u00edas&nbsp;<strong>tambi\u00e9n&nbsp;<\/strong><a href=\"https:\/\/www.posta.com.mx\/bcs\/video-asi-fue-el-rescate-de-dos-personas-en-el-arco-de-cabo-san-lucas\/vl2248263\"><strong>se viraliz\u00f3 la grabaci\u00f3n del rescate&nbsp;<\/strong>de dos personas en el Arco de Cabo San Lucas por parte de bomberos.<\/a><\/p>\n\n\n\n<p class=\"wp-block-paragraph\"><\/p>\n","protected":false},"excerpt":{"rendered":"<p>El hecho habr\u00eda ocurrido frente a una tienda de conveniencia de San Jos\u00e9 del Cabo y gener\u00f3 criticas entre usuarios&#8230;<\/p>\n","protected":false},"author":2,"featured_media":14869,"comment_status":"open","ping_status":"open","sticky":false,"template":"","format":"standard","meta":{"footnotes":""},"categories":[237],"tags":[],"class_list":["post-14868","post","type-post","status-publish","format-standard","has-post-thumbnail","hentry","category-seguridad"],"yoast_head":"<!-- This site is optimized with the Yoast SEO Premium plugin v26.8 (Yoast SEO v28.3) - https:\/\/yoast.com\/product\/yoast-seo-premium-wordpress\/ -->\n<title>\u00a1Ins\u00f3lito en San Jos\u00e9 del Cabo! Captan a persona atada a un autom\u00f3vil en movimiento - Buenos D\u00edas BCS<\/title>\n<meta name=\"robots\" content=\"index, follow, max-snippet:-1, max-image-preview:large, max-video-preview:-1\" \/>\n<link rel=\"canonical\" href=\"https:\/\/buenosdiasbcs.com\/?p=14868\" \/>\n<meta property=\"og:locale\" content=\"es_ES\" \/>\n<meta property=\"og:type\" content=\"article\" \/>\n<meta property=\"og:title\" content=\"\u00a1Ins\u00f3lito en San Jos\u00e9 del Cabo! Captan a persona atada a un autom\u00f3vil en movimiento\" \/>\n<meta property=\"og:description\" content=\"El hecho habr\u00eda ocurrido frente a una tienda de conveniencia de San Jos\u00e9 del Cabo y gener\u00f3 criticas entre usuarios...\" \/>\n<meta property=\"og:url\" content=\"https:\/\/buenosdiasbcs.com\/?p=14868\" \/>\n<meta property=\"og:site_name\" content=\"Buenos D\u00edas BCS\" \/>\n<meta property=\"article:published_time\" content=\"2026-09-01T08:03:27+00:00\" \/>\n<meta property=\"article:modified_time\" content=\"2026-09-01T08:03:30+00:00\" \/>\n<meta property=\"og:image\" content=\"https:\/\/buenosdiasbcs.com\/wp-content\/uploads\/2026\/09\/video-insolito-en-san-jose-del-cabo-captan-a-persona-atada-a-un-automovil-en-movimiento-9f70fadf-focus-0-0-1479-828.webp\" \/>\n\t<meta property=\"og:image:width\" content=\"1280\" \/>\n\t<meta property=\"og:image:height\" content=\"720\" \/>\n\t<meta property=\"og:image:type\" content=\"image\/webp\" \/>\n<meta name=\"author\" content=\"Edici\u00f3n Buenos D\u00edas\" \/>\n<meta name=\"twitter:card\" content=\"summary_large_image\" \/>\n<meta name=\"twitter:label1\" content=\"Escrito por\" \/>\n\t<meta name=\"twitter:data1\" content=\"Edici\u00f3n Buenos D\u00edas\" \/>\n\t<meta name=\"twitter:label2\" content=\"Tiempo de lectura\" \/>\n\t<meta name=\"twitter:data2\" content=\"4 minutos\" \/>\n<script type=\"application\/ld+json\" class=\"yoast-schema-graph\">{\"@context\":\"https:\\\/\\\/schema.org\",\"@graph\":[{\"@type\":\"Article\",\"@id\":\"https:\\\/\\\/buenosdiasbcs.com\\\/?p=14868#article\",\"isPartOf\":{\"@id\":\"https:\\\/\\\/buenosdiasbcs.com\\\/?p=14868\"},\"author\":{\"name\":\"Edici\u00f3n Buenos D\u00edas\",\"@id\":\"https:\\\/\\\/buenosdiasbcs.com\\\/#\\\/schema\\\/person\\\/15aedc247eab7070ee5d76d6d069a821\"},\"headline\":\"\u00a1Ins\u00f3lito en San Jos\u00e9 del Cabo! Captan a persona atada a un autom\u00f3vil en movimiento\",\"datePublished\":\"2026-09-01T08:03:27+00:00\",\"dateModified\":\"2026-09-01T08:03:30+00:00\",\"mainEntityOfPage\":{\"@id\":\"https:\\\/\\\/buenosdiasbcs.com\\\/?p=14868\"},\"wordCount\":736,\"commentCount\":0,\"publisher\":{\"@id\":\"https:\\\/\\\/buenosdiasbcs.com\\\/#organization\"},\"image\":{\"@id\":\"https:\\\/\\\/buenosdiasbcs.com\\\/?p=14868#primaryimage\"},\"thumbnailUrl\":\"https:\\\/\\\/buenosdiasbcs.com\\\/wp-content\\\/uploads\\\/2026\\\/09\\\/video-insolito-en-san-jose-del-cabo-captan-a-persona-atada-a-un-automovil-en-movimiento-9f70fadf-focus-0-0-1479-828.webp\",\"articleSection\":[\"Seguridad\"],\"inLanguage\":\"es\",\"potentialAction\":[{\"@type\":\"CommentAction\",\"name\":\"Comment\",\"target\":[\"https:\\\/\\\/buenosdiasbcs.com\\\/?p=14868#respond\"]}]},{\"@type\":\"WebPage\",\"@id\":\"https:\\\/\\\/buenosdiasbcs.com\\\/?p=14868\",\"url\":\"https:\\\/\\\/buenosdiasbcs.com\\\/?p=14868\",\"name\":\"\u00a1Ins\u00f3lito en San Jos\u00e9 del Cabo! Captan a persona atada a un autom\u00f3vil en movimiento - Buenos D\u00edas BCS\",\"isPartOf\":{\"@id\":\"https:\\\/\\\/buenosdiasbcs.com\\\/#website\"},\"primaryImageOfPage\":{\"@id\":\"https:\\\/\\\/buenosdiasbcs.com\\\/?p=14868#primaryimage\"},\"image\":{\"@id\":\"https:\\\/\\\/buenosdiasbcs.com\\\/?p=14868#primaryimage\"},\"thumbnailUrl\":\"https:\\\/\\\/buenosdiasbcs.com\\\/wp-content\\\/uploads\\\/2026\\\/09\\\/video-insolito-en-san-jose-del-cabo-captan-a-persona-atada-a-un-automovil-en-movimiento-9f70fadf-focus-0-0-1479-828.webp\",\"datePublished\":\"2026-09-01T08:03:27+00:00\",\"dateModified\":\"2026-09-01T08:03:30+00:00\",\"breadcrumb\":{\"@id\":\"https:\\\/\\\/buenosdiasbcs.com\\\/?p=14868#breadcrumb\"},\"inLanguage\":\"es\",\"potentialAction\":[{\"@type\":\"ReadAction\",\"target\":[\"https:\\\/\\\/buenosdiasbcs.com\\\/?p=14868\"]}]},{\"@type\":\"ImageObject\",\"inLanguage\":\"es\",\"@id\":\"https:\\\/\\\/buenosdiasbcs.com\\\/?p=14868#primaryimage\",\"url\":\"https:\\\/\\\/buenosdiasbcs.com\\\/wp-content\\\/uploads\\\/2026\\\/09\\\/video-insolito-en-san-jose-del-cabo-captan-a-persona-atada-a-un-automovil-en-movimiento-9f70fadf-focus-0-0-1479-828.webp\",\"contentUrl\":\"https:\\\/\\\/buenosdiasbcs.com\\\/wp-content\\\/uploads\\\/2026\\\/09\\\/video-insolito-en-san-jose-del-cabo-captan-a-persona-atada-a-un-automovil-en-movimiento-9f70fadf-focus-0-0-1479-828.webp\",\"width\":1280,\"height\":720},{\"@type\":\"BreadcrumbList\",\"@id\":\"https:\\\/\\\/buenosdiasbcs.com\\\/?p=14868#breadcrumb\",\"itemListElement\":[{\"@type\":\"ListItem\",\"position\":1,\"name\":\"Portada\",\"item\":\"https:\\\/\\\/buenosdiasbcs.com\\\/\"},{\"@type\":\"ListItem\",\"position\":2,\"name\":\"\u00a1Ins\u00f3lito en San Jos\u00e9 del Cabo! Captan a persona atada a un autom\u00f3vil en movimiento\"}]},{\"@type\":\"WebSite\",\"@id\":\"https:\\\/\\\/buenosdiasbcs.com\\\/#website\",\"url\":\"https:\\\/\\\/buenosdiasbcs.com\\\/\",\"name\":\"Buenos D\u00edas BCS\",\"description\":\"\",\"publisher\":{\"@id\":\"https:\\\/\\\/buenosdiasbcs.com\\\/#organization\"},\"potentialAction\":[{\"@type\":\"SearchAction\",\"target\":{\"@type\":\"EntryPoint\",\"urlTemplate\":\"https:\\\/\\\/buenosdiasbcs.com\\\/?s={search_term_string}\"},\"query-input\":{\"@type\":\"PropertyValueSpecification\",\"valueRequired\":true,\"valueName\":\"search_term_string\"}}],\"inLanguage\":\"es\"},{\"@type\":\"Organization\",\"@id\":\"https:\\\/\\\/buenosdiasbcs.com\\\/#organization\",\"name\":\"Buenos D\u00edas BCS\",\"url\":\"https:\\\/\\\/buenosdiasbcs.com\\\/\",\"logo\":{\"@type\":\"ImageObject\",\"inLanguage\":\"es\",\"@id\":\"https:\\\/\\\/buenosdiasbcs.com\\\/#\\\/schema\\\/logo\\\/image\\\/\",\"url\":\"https:\\\/\\\/buenosdiasbcs.com\\\/wp-content\\\/uploads\\\/2026\\\/01\\\/logo-buenos-dias-40-01.png\",\"contentUrl\":\"https:\\\/\\\/buenosdiasbcs.com\\\/wp-content\\\/uploads\\\/2026\\\/01\\\/logo-buenos-dias-40-01.png\",\"width\":277,\"height\":40,\"caption\":\"Buenos D\u00edas BCS\"},\"image\":{\"@id\":\"https:\\\/\\\/buenosdiasbcs.com\\\/#\\\/schema\\\/logo\\\/image\\\/\"}},{\"@type\":\"Person\",\"@id\":\"https:\\\/\\\/buenosdiasbcs.com\\\/#\\\/schema\\\/person\\\/15aedc247eab7070ee5d76d6d069a821\",\"name\":\"Edici\u00f3n Buenos D\u00edas\",\"image\":{\"@type\":\"ImageObject\",\"inLanguage\":\"es\",\"@id\":\"https:\\\/\\\/buenosdiasbcs.com\\\/wp-content\\\/uploads\\\/2026\\\/01\\\/cropped-sol-96x96.png\",\"url\":\"https:\\\/\\\/buenosdiasbcs.com\\\/wp-content\\\/uploads\\\/2026\\\/01\\\/cropped-sol-96x96.png\",\"contentUrl\":\"https:\\\/\\\/buenosdiasbcs.com\\\/wp-content\\\/uploads\\\/2026\\\/01\\\/cropped-sol-96x96.png\",\"caption\":\"Edici\u00f3n Buenos D\u00edas\"},\"url\":\"https:\\\/\\\/buenosdiasbcs.com\\\/?author=2\"}]}<\/script>\n<!-- \/ Yoast SEO Premium plugin. -->","yoast_head_json":{"title":"\u00a1Ins\u00f3lito en San Jos\u00e9 del Cabo! Captan a persona atada a un autom\u00f3vil en movimiento - Buenos D\u00edas BCS","robots":{"index":"index","follow":"follow","max-snippet":"max-snippet:-1","max-image-preview":"max-image-preview:large","max-video-preview":"max-video-preview:-1"},"canonical":"https:\/\/buenosdiasbcs.com\/?p=14868","og_locale":"es_ES","og_type":"article","og_title":"\u00a1Ins\u00f3lito en San Jos\u00e9 del Cabo! Captan a persona atada a un autom\u00f3vil en movimiento","og_description":"El hecho habr\u00eda ocurrido frente a una tienda de conveniencia de San Jos\u00e9 del Cabo y gener\u00f3 criticas entre usuarios...","og_url":"https:\/\/buenosdiasbcs.com\/?p=14868","og_site_name":"Buenos D\u00edas BCS","article_published_time":"2026-09-01T08:03:27+00:00","article_modified_time":"2026-09-01T08:03:30+00:00","og_image":[{"width":1280,"height":720,"url":"https:\/\/buenosdiasbcs.com\/wp-content\/uploads\/2026\/09\/video-insolito-en-san-jose-del-cabo-captan-a-persona-atada-a-un-automovil-en-movimiento-9f70fadf-focus-0-0-1479-828.webp","type":"image\/webp"}],"author":"Edici\u00f3n Buenos D\u00edas","twitter_card":"summary_large_image","twitter_misc":{"Escrito por":"Edici\u00f3n Buenos D\u00edas","Tiempo de lectura":"4 minutos"},"schema":{"@context":"https:\/\/schema.org","@graph":[{"@type":"Article","@id":"https:\/\/buenosdiasbcs.com\/?p=14868#article","isPartOf":{"@id":"https:\/\/buenosdiasbcs.com\/?p=14868"},"author":{"name":"Edici\u00f3n Buenos D\u00edas","@id":"https:\/\/buenosdiasbcs.com\/#\/schema\/person\/15aedc247eab7070ee5d76d6d069a821"},"headline":"\u00a1Ins\u00f3lito en San Jos\u00e9 del Cabo! Captan a persona atada a un autom\u00f3vil en movimiento","datePublished":"2026-09-01T08:03:27+00:00","dateModified":"2026-09-01T08:03:30+00:00","mainEntityOfPage":{"@id":"https:\/\/buenosdiasbcs.com\/?p=14868"},"wordCount":736,"commentCount":0,"publisher":{"@id":"https:\/\/buenosdiasbcs.com\/#organization"},"image":{"@id":"https:\/\/buenosdiasbcs.com\/?p=14868#primaryimage"},"thumbnailUrl":"https:\/\/buenosdiasbcs.com\/wp-content\/uploads\/2026\/09\/video-insolito-en-san-jose-del-cabo-captan-a-persona-atada-a-un-automovil-en-movimiento-9f70fadf-focus-0-0-1479-828.webp","articleSection":["Seguridad"],"inLanguage":"es","potentialAction":[{"@type":"CommentAction","name":"Comment","target":["https:\/\/buenosdiasbcs.com\/?p=14868#respond"]}]},{"@type":"WebPage","@id":"https:\/\/buenosdiasbcs.com\/?p=14868","url":"https:\/\/buenosdiasbcs.com\/?p=14868","name":"\u00a1Ins\u00f3lito en San Jos\u00e9 del Cabo! Captan a persona atada a un autom\u00f3vil en movimiento - Buenos D\u00edas BCS","isPartOf":{"@id":"https:\/\/buenosdiasbcs.com\/#website"},"primaryImageOfPage":{"@id":"https:\/\/buenosdiasbcs.com\/?p=14868#primaryimage"},"image":{"@id":"https:\/\/buenosdiasbcs.com\/?p=14868#primaryimage"},"thumbnailUrl":"https:\/\/buenosdiasbcs.com\/wp-content\/uploads\/2026\/09\/video-insolito-en-san-jose-del-cabo-captan-a-persona-atada-a-un-automovil-en-movimiento-9f70fadf-focus-0-0-1479-828.webp","datePublished":"2026-09-01T08:03:27+00:00","dateModified":"2026-09-01T08:03:30+00:00","breadcrumb":{"@id":"https:\/\/buenosdiasbcs.com\/?p=14868#breadcrumb"},"inLanguage":"es","potentialAction":[{"@type":"ReadAction","target":["https:\/\/buenosdiasbcs.com\/?p=14868"]}]},{"@type":"ImageObject","inLanguage":"es","@id":"https:\/\/buenosdiasbcs.com\/?p=14868#primaryimage","url":"https:\/\/buenosdiasbcs.com\/wp-content\/uploads\/2026\/09\/video-insolito-en-san-jose-del-cabo-captan-a-persona-atada-a-un-automovil-en-movimiento-9f70fadf-focus-0-0-1479-828.webp","contentUrl":"https:\/\/buenosdiasbcs.com\/wp-content\/uploads\/2026\/09\/video-insolito-en-san-jose-del-cabo-captan-a-persona-atada-a-un-automovil-en-movimiento-9f70fadf-focus-0-0-1479-828.webp","width":1280,"height":720},{"@type":"BreadcrumbList","@id":"https:\/\/buenosdiasbcs.com\/?p=14868#breadcrumb","itemListElement":[{"@type":"ListItem","position":1,"name":"Portada","item":"https:\/\/buenosdiasbcs.com\/"},{"@type":"ListItem","position":2,"name":"\u00a1Ins\u00f3lito en San Jos\u00e9 del Cabo! Captan a persona atada a un autom\u00f3vil en movimiento"}]},{"@type":"WebSite","@id":"https:\/\/buenosdiasbcs.com\/#website","url":"https:\/\/buenosdiasbcs.com\/","name":"Buenos D\u00edas BCS","description":"","publisher":{"@id":"https:\/\/buenosdiasbcs.com\/#organization"},"potentialAction":[{"@type":"SearchAction","target":{"@type":"EntryPoint","urlTemplate":"https:\/\/buenosdiasbcs.com\/?s={search_term_string}"},"query-input":{"@type":"PropertyValueSpecification","valueRequired":true,"valueName":"search_term_string"}}],"inLanguage":"es"},{"@type":"Organization","@id":"https:\/\/buenosdiasbcs.com\/#organization","name":"Buenos D\u00edas BCS","url":"https:\/\/buenosdiasbcs.com\/","logo":{"@type":"ImageObject","inLanguage":"es","@id":"https:\/\/buenosdiasbcs.com\/#\/schema\/logo\/image\/","url":"https:\/\/buenosdiasbcs.com\/wp-content\/uploads\/2026\/01\/logo-buenos-dias-40-01.png","contentUrl":"https:\/\/buenosdiasbcs.com\/wp-content\/uploads\/2026\/01\/logo-buenos-dias-40-01.png","width":277,"height":40,"caption":"Buenos D\u00edas BCS"},"image":{"@id":"https:\/\/buenosdiasbcs.com\/#\/schema\/logo\/image\/"}},{"@type":"Person","@id":"https:\/\/buenosdiasbcs.com\/#\/schema\/person\/15aedc247eab7070ee5d76d6d069a821","name":"Edici\u00f3n Buenos D\u00edas","image":{"@type":"ImageObject","inLanguage":"es","@id":"https:\/\/buenosdiasbcs.com\/wp-content\/uploads\/2026\/01\/cropped-sol-96x96.png","url":"https:\/\/buenosdiasbcs.com\/wp-content\/uploads\/2026\/01\/cropped-sol-96x96.png","contentUrl":"https:\/\/buenosdiasbcs.com\/wp-content\/uploads\/2026\/01\/cropped-sol-96x96.png","caption":"Edici\u00f3n Buenos D\u00edas"},"url":"https:\/\/buenosdiasbcs.com\/?author=2"}]}},"amp_enabled":true,"_links":{"self":[{"href":"https:\/\/buenosdiasbcs.com\/index.php?rest_route=\/wp\/v2\/posts\/14868","targetHints":{"allow":["GET"]}}],"collection":[{"href":"https:\/\/buenosdiasbcs.com\/index.php?rest_route=\/wp\/v2\/posts"}],"about":[{"href":"https:\/\/buenosdiasbcs.com\/index.php?rest_route=\/wp\/v2\/types\/post"}],"author":[{"embeddable":true,"href":"https:\/\/buenosdiasbcs.com\/index.php?rest_route=\/wp\/v2\/users\/2"}],"replies":[{"embeddable":true,"href":"https:\/\/buenosdiasbcs.com\/index.php?rest_route=%2Fwp%2Fv2%2Fcomments&post=14868"}],"version-history":[{"count":1,"href":"https:\/\/buenosdiasbcs.com\/index.php?rest_route=\/wp\/v2\/posts\/14868\/revisions"}],"predecessor-version":[{"id":14870,"href":"https:\/\/buenosdiasbcs.com\/index.php?rest_route=\/wp\/v2\/posts\/14868\/revisions\/14870"}],"wp:featuredmedia":[{"embeddable":true,"href":"https:\/\/buenosdiasbcs.com\/index.php?rest_route=\/wp\/v2\/media\/14869"}],"wp:attachment":[{"href":"https:\/\/buenosdiasbcs.com\/index.php?rest_route=%2Fwp%2Fv2%2Fmedia&parent=14868"}],"wp:term":[{"taxonomy":"category","embeddable":true,"href":"https:\/\/buenosdiasbcs.com\/index.php?rest_route=%2Fwp%2Fv2%2Fcategories&post=14868"},{"taxonomy":"post_tag","embeddable":true,"href":"https:\/\/buenosdiasbcs.com\/index.php?rest_route=%2Fwp%2Fv2%2Ftags&post=14868"}],"curies":[{"name":"wp","href":"https:\/\/api.w.org\/{rel}","templated":true}]}}