{"id":14858,"date":"2026-09-01T00:55:00","date_gmt":"2026-09-01T07:55:00","guid":{"rendered":"https:\/\/buenosdiasbcs.com\/?p=14858"},"modified":"2026-09-01T00:53:32","modified_gmt":"2026-09-01T07:53:32","slug":"huracan-karina-alcanza-categoria-4-afectara-a-baja-california-sur","status":"publish","type":"post","link":"https:\/\/buenosdiasbcs.com\/?p=14858","title":{"rendered":"Hurac\u00e1n Karina alcanza categor\u00eda 4: \u00bfAfectar\u00e1 a Baja California Sur?"},"content":{"rendered":"\n<h2 id=\"h-el-huracan-karina-alcanzo-categoria-4-en-el-pacifico-mientras-se-preve-un-aumento-de-lluvias-y-tormentas-en-baja-california-sur\" class=\"wp-block-heading\">El hurac\u00e1n Karina alcanz\u00f3 categor\u00eda 4 en el Pac\u00edfico, mientras se prev\u00e9 un aumento de lluvias y tormentas en Baja California Sur.<\/h2>\n\n\n\n<p class=\"wp-block-paragraph\">Karina se mantiene sobre aguas abiertas, pero su humedad y otros sistemas meteorol\u00f3gicos favorecer\u00e1n lluvias en distintos puntos durante los pr\u00f3ximos d\u00edas. Foto: archivo \/ POSTA Baja California Sur<\/p>\n\n\n\n<p class=\"wp-block-paragraph\"><strong>El hurac\u00e1n Karina se intensific\u00f3 a categor\u00eda 4<\/strong>&nbsp;en el Pac\u00edfico durante las primeras horas de este lunes 31 de agosto y contin\u00faa avanzando sobre aguas abiertas.&nbsp;<a href=\"https:\/\/www.posta.com.mx\/bcs\/lluvias-en-los-cabos-reportan-lluvias-intermitentes-y-actividad-electrica-durante-este-domingo\/vl2249095\">Esto ocurre mientras Los Cabos registr\u00f3 lluvias y actividad el\u00e9ctrica durante el domingo 30 de agosto.<\/a><\/p>\n\n\n\n<p class=\"wp-block-paragraph\">La humedad asociada con el fen\u00f3meno metrol\u00f3gico, junto con otros sistemas meteorol\u00f3gicos, f<strong>avorecer\u00e1 un aumento en la posibilidad de lluvias<\/strong>&nbsp;durante los pr\u00f3ximos d\u00edas.<\/p>\n\n\n\n<h2 id=\"h-el-huracan-karina-de-categoria-4-afectara-a-baja-california-sur\" class=\"wp-block-heading\">\u00bfEl hurac\u00e1n Karina de categor\u00eda 4 afectar\u00e1 a Baja California Sur?<\/h2>\n\n\n\n<p class=\"wp-block-paragraph\">El hurac\u00e1n Karina se intensific\u00f3 a categor\u00eda 4 durante las primeras horas de este lunes 31 de agosto, de acuerdo con el&nbsp;<strong>Servicio Meteorol\u00f3gico Nacional (SMN)&nbsp;<\/strong>y el<strong>&nbsp;Centro Nacional de Huracanes (NHC)<\/strong>&nbsp;de Estados Unidos.<\/p>\n\n\n\n<p class=\"wp-block-paragraph\">A las 3:00 horas, tiempo del centro de M\u00e9xico, el cicl\u00f3n se ubicaba a&nbsp;<strong>1,640 kil\u00f3metros al oeste-suroeste de Cabo San Lucas<\/strong>, con vientos m\u00e1ximos sostenidos de&nbsp;<strong>230 kil\u00f3metros por hora<\/strong>&nbsp;y rachas de hasta&nbsp;<strong>280 kil\u00f3metros por hora<\/strong>.<\/p>\n\n\n\n<p class=\"wp-block-paragraph\">Aunque se trata de un hurac\u00e1n de categor\u00eda 4, el SMN se\u00f1al\u00f3 que&nbsp;<strong>Karina no representa peligro para el territorio nacional<\/strong>&nbsp;debido a la distancia a la que se encuentra y a la trayectoria que mantiene.<\/p>\n\n\n\n<p class=\"wp-block-paragraph\">El sistema se desplaza hacia el oeste a una velocidad aproximada de&nbsp;<strong>15 kil\u00f3metros por hora<\/strong>, alej\u00e1ndose de las costas mexicanas.<\/p>\n\n\n\n<p class=\"wp-block-paragraph\">El pron\u00f3stico del NHC indica que Karina podr\u00eda mantener gran parte de su fuerza durante las siguientes horas. Incluso se prev\u00e9 que alcance vientos de hasta&nbsp;<strong>240 kil\u00f3metros por hora<\/strong>, antes de comenzar a perder intensidad de manera gradual.<\/p>\n\n\n\n<p class=\"wp-block-paragraph\">La trayectoria pronosticada&nbsp;<strong>mantiene al cicl\u00f3n sobre aguas abiertas del Pac\u00edfico,<\/strong>&nbsp;por lo que no se espera un acercamiento directo a las costas sudcalifornianas.&nbsp;De acuerdo con el SMN, la evoluci\u00f3n prevista es la siguiente:<\/p>\n\n\n\n<ul class=\"wp-block-list\">\n<li><strong>31 de agosto:<\/strong>\u00a0continuar\u00e1 como hurac\u00e1n categor\u00eda 4<\/li>\n\n\n\n<li><strong>1 de septiembre:<\/strong>\u00a0se mantendr\u00e1 como categor\u00eda 4, aunque comenzar\u00e1 a desplazarse m\u00e1s hacia el oeste<\/li>\n\n\n\n<li><strong>2 de septiembre:<\/strong>\u00a0podr\u00eda bajar a categor\u00eda 3<\/li>\n\n\n\n<li><strong>3 de septiembre:<\/strong>\u00a0continuar\u00eda como categor\u00eda 3<\/li>\n\n\n\n<li><strong>4 de septiembre:<\/strong>\u00a0podr\u00eda disminuir a categor\u00eda 2<\/li>\n\n\n\n<li><strong>5 de septiembre:<\/strong>\u00a0se prev\u00e9 que alcance categor\u00eda 1<\/li>\n<\/ul>\n\n\n\n<p class=\"wp-block-paragraph\">La distancia tambi\u00e9n aumentar\u00e1 conforme avance hacia el oeste. Para el 1 de septiembre, el pron\u00f3stico lo coloca a m\u00e1s de&nbsp;<strong>1,700 kil\u00f3metros de Punta Eugenia<\/strong>, mientras que posteriormente se alejar\u00e1 todav\u00eda m\u00e1s de la pen\u00ednsula.<\/p>\n\n\n\n<h2 id=\"h-por-que-habra-lluvias-en-baja-california-sur-si-karina-no-llegara\" class=\"wp-block-heading\">\u00bfPor qu\u00e9 habr\u00e1 lluvias en Baja California Sur si Karina no llegar\u00e1?<\/h2>\n\n\n\n<p class=\"wp-block-paragraph\">Aunque no representa una amenaza directa,<strong>&nbsp;sus bandas nubosas y el flujo de humedad<\/strong>&nbsp;que genera forman parte de las condiciones que pueden favorecer precipitaciones durante los pr\u00f3ximos d\u00edas.<\/p>\n\n\n\n<p class=\"wp-block-paragraph\">El pron\u00f3stico semanal difundido para el periodo del&nbsp;<strong>31 de agosto al 6 de septiembre<\/strong>&nbsp;se\u00f1ala un incremento en la posibilidad de lluvias y tormentas el\u00e9ctricas en los cinco municipios.<\/p>\n\n\n\n<p class=\"wp-block-paragraph\">A esto se suma una&nbsp;<strong>zona de baja presi\u00f3n ubicada al sur de Michoac\u00e1n<\/strong>, que presenta una alta probabilidad de convertirse en cicl\u00f3n tropical.<\/p>\n\n\n\n<p class=\"wp-block-paragraph\">De acuerdo con el reporte de Protecci\u00f3n Civil de Los Cabos, el sistema ten\u00eda&nbsp;<strong>90% de probabilidad de desarrollo cicl\u00f3nico&nbsp;<\/strong>durante las pr\u00f3ximas 48 horas y tambi\u00e9n a siete d\u00edas.<\/p>\n\n\n\n<p class=\"wp-block-paragraph\">Estas condiciones se mantienen bajo vigilancia debido a que&nbsp;<strong><a href=\"https:\/\/www.posta.com.mx\/bcs\/por-que-baja-california-sur-es-una-de-las-zonas-mas-golpeadas-por-huracanes-en-mexico\/vl2199971\">Baja California Sur es una de las zonas de M\u00e9xico con mayor exposici\u00f3n al paso de huracanes<\/a><\/strong>, por lo que la formaci\u00f3n y trayectoria de cualquier sistema en el Pac\u00edfico son monitoreadas durante la temporada.<\/p>\n\n\n\n<p class=\"wp-block-paragraph\">El sistema se encontraba aproximadamente a&nbsp;<strong>870 kil\u00f3metros al sur de Punta San Telmo, Michoac\u00e1n<\/strong>, y se desplazaba hacia el noroeste.<\/p>\n\n\n\n<p class=\"wp-block-paragraph\">El pron\u00f3stico se\u00f1ala que<strong>&nbsp;podr\u00eda evolucionar a depresi\u00f3n tropical o tormenta tropical&nbsp;<\/strong>y acercarse hacia el noroeste del pa\u00eds. Su circulaci\u00f3n podr\u00eda aportar humedad hacia la pen\u00ednsula y favorecer lluvias en la parte sur durante los siguientes d\u00edas.<\/p>\n\n\n\n<p class=\"wp-block-paragraph\">Para este lunes 31 de agosto se prev\u00e9n lluvias focalizadas de entre&nbsp;<strong>10 y 40 mil\u00edmetros<\/strong>, acompa\u00f1adas de actividad el\u00e9ctrica, principalmente en zonas serranas y podr\u00edan registrarse&nbsp;temperaturas elevadas, con m\u00e1ximas de:<\/p>\n\n\n\n<ul class=\"wp-block-list\">\n<li><strong>34 a 36 grados Celsius<\/strong>\u00a0en Los Cabos<\/li>\n\n\n\n<li><strong>36 a 38 grados<\/strong>\u00a0en La Paz, Comond\u00fa, Loreto y Muleg\u00e9<\/li>\n\n\n\n<li><strong>30 a 32 grados<\/strong>\u00a0en algunas zonas costeras del Pac\u00edfico<\/li>\n\n\n\n<li><strong>28 a 30 grados<\/strong>\u00a0en la costa del Pac\u00edfico de Muleg\u00e9<\/li>\n<\/ul>\n\n\n\n<p class=\"wp-block-paragraph\">Para el martes 1 de septiembre se mantiene<strong>&nbsp;la posibilidad de lluvias aisladas y actividad el\u00e9ctrica,<\/strong>&nbsp;con acumulados mayores en algunas zonas de sierra.<\/p>\n\n\n\n<h2 id=\"h-que-municipios-de-nbsp-baja-california-sur-tendran-mayor-probabilidad-de-lluvias-y-tormentas\" class=\"wp-block-heading\">\u00bfQu\u00e9 municipios de&nbsp;Baja California Sur tendr\u00e1n mayor probabilidad de lluvias y tormentas?<\/h2>\n\n\n\n<p class=\"wp-block-paragraph\">El pron\u00f3stico semanal se\u00f1ala que las lluvias podr\u00edan aumentar durante los primeros d\u00edas de septiembre, aunque su intensidad y ubicaci\u00f3n depender\u00e1n de<strong>la evoluci\u00f3n de los sistemas meteorol\u00f3gicos.<\/strong><\/p>\n\n\n\n<p class=\"wp-block-paragraph\">En Los Cabos y La Paz, los d\u00edas con mayor probabilidad de chubascos fuertes y tormentas ser\u00edan el&nbsp;<strong>martes 1, mi\u00e9rcoles 2 y jueves 3 de septiembre.<\/strong><\/p>\n\n\n\n<p class=\"wp-block-paragraph\">En&nbsp;<strong>Comond\u00fa, Loreto y Muleg\u00e9<\/strong>, la mayor actividad se espera entre el&nbsp;<strong>mi\u00e9rcoles 2 y viernes 4 de septiembre<\/strong>, especialmente en zonas de la Sierra de la Giganta, valles agr\u00edcolas y la costa oriental.<\/p>\n\n\n\n<p class=\"wp-block-paragraph\">Las precipitaciones podr\u00edan presentarse de manera irregular, esto significa que una comunidad puede registrar lluvia&nbsp;<strong>mientras otra permanece sin precipitaciones,<\/strong>&nbsp;incluso dentro del mismo municipio.<\/p>\n\n\n\n<p class=\"wp-block-paragraph\">Tambi\u00e9n se esperan rachas de viento que podr\u00edan alcanzar entre&nbsp;<strong>40 y 60 kil\u00f3metros por hora<\/strong>&nbsp;durante algunas tormentas, adem\u00e1s de incremento del oleaje y corrientes de arrastre en sectores de la costa.<\/p>\n\n\n\n<p class=\"wp-block-paragraph\">Ante estas condiciones, las recomendaciones se concentran en evitar zonas donde puedan generarse escurrimientos y&nbsp;<strong>no intentar cruzar arroyos o vados cuando tengan corriente.<\/strong><\/p>\n\n\n\n<p class=\"wp-block-paragraph\">La poblaci\u00f3n tambi\u00e9n deber\u00e1&nbsp;<strong>mantenerse atenta a las actualizaciones meteorol\u00f3gicas,<\/strong>&nbsp;especialmente durante los d\u00edas de mayor actividad.<\/p>\n\n\n\n<p class=\"wp-block-paragraph\">El aumento de lluvias previsto para los primeros d\u00edas de septiembre est\u00e1 relacionado con el ingreso de humedad y con la posible evoluci\u00f3n de la zona de&nbsp;<strong>baja presi\u00f3n ubicada al sur de Michoac\u00e1n.<\/strong><\/p>\n\n\n\n<p class=\"wp-block-paragraph\">Ante estas condiciones, Protecci\u00f3n Civil mantiene recomendaciones para la poblaci\u00f3n y pide estar atenta a los avisos meteorol\u00f3gicos,&nbsp;<a href=\"https:\/\/www.posta.com.mx\/bcs\/que-hacer-antes-de-un-huracan-en-bcs-la-guia-basica-de-proteccion-civil\/vl2200004\">debido a que se prev\u00e9 una temporada de huracanes con mayor actividad por la influencia del fen\u00f3meno de&nbsp;<strong>El Ni\u00f1o<\/strong>.<\/a><\/p>\n\n\n\n<p class=\"wp-block-paragraph\"><\/p>\n","protected":false},"excerpt":{"rendered":"<p>El hurac\u00e1n Karina alcanz\u00f3 categor\u00eda 4 en el Pac\u00edfico, mientras se prev\u00e9 un aumento de lluvias y tormentas en Baja&#8230;<\/p>\n","protected":false},"author":2,"featured_media":14860,"comment_status":"open","ping_status":"open","sticky":false,"template":"","format":"standard","meta":{"footnotes":""},"categories":[23],"tags":[],"class_list":["post-14858","post","type-post","status-publish","format-standard","has-post-thumbnail","hentry","category-clima"],"yoast_head":"<!-- This site is optimized with the Yoast SEO Premium plugin v26.8 (Yoast SEO v28.3) - https:\/\/yoast.com\/product\/yoast-seo-premium-wordpress\/ -->\n<title>Hurac\u00e1n Karina alcanza categor\u00eda 4: \u00bfAfectar\u00e1 a Baja California Sur? - Buenos D\u00edas BCS<\/title>\n<meta name=\"robots\" content=\"index, follow, max-snippet:-1, max-image-preview:large, max-video-preview:-1\" \/>\n<link rel=\"canonical\" href=\"https:\/\/buenosdiasbcs.com\/?p=14858\" \/>\n<meta property=\"og:locale\" content=\"es_ES\" \/>\n<meta property=\"og:type\" content=\"article\" \/>\n<meta property=\"og:title\" content=\"Hurac\u00e1n Karina alcanza categor\u00eda 4: \u00bfAfectar\u00e1 a Baja California Sur?\" \/>\n<meta property=\"og:description\" content=\"El hurac\u00e1n Karina alcanz\u00f3 categor\u00eda 4 en el Pac\u00edfico, mientras se prev\u00e9 un aumento de lluvias y tormentas en Baja...\" \/>\n<meta property=\"og:url\" content=\"https:\/\/buenosdiasbcs.com\/?p=14858\" \/>\n<meta property=\"og:site_name\" content=\"Buenos D\u00edas BCS\" \/>\n<meta property=\"article:published_time\" content=\"2026-09-01T07:55:00+00:00\" \/>\n<meta property=\"og:image\" content=\"https:\/\/buenosdiasbcs.com\/wp-content\/uploads\/2026\/09\/huracan-karina-alcanza-categoria-4-afectara-a-baja-california-sur-ad9722bf-focus-0-0-1479-828.webp\" \/>\n\t<meta property=\"og:image:width\" content=\"1280\" \/>\n\t<meta property=\"og:image:height\" content=\"720\" \/>\n\t<meta property=\"og:image:type\" content=\"image\/webp\" \/>\n<meta name=\"author\" content=\"Edici\u00f3n Buenos D\u00edas\" \/>\n<meta name=\"twitter:card\" content=\"summary_large_image\" \/>\n<meta name=\"twitter:label1\" content=\"Escrito por\" \/>\n\t<meta name=\"twitter:data1\" content=\"Edici\u00f3n Buenos D\u00edas\" \/>\n\t<meta name=\"twitter:label2\" content=\"Tiempo de lectura\" \/>\n\t<meta name=\"twitter:data2\" content=\"5 minutos\" \/>\n<script type=\"application\/ld+json\" class=\"yoast-schema-graph\">{\"@context\":\"https:\\\/\\\/schema.org\",\"@graph\":[{\"@type\":\"Article\",\"@id\":\"https:\\\/\\\/buenosdiasbcs.com\\\/?p=14858#article\",\"isPartOf\":{\"@id\":\"https:\\\/\\\/buenosdiasbcs.com\\\/?p=14858\"},\"author\":{\"name\":\"Edici\u00f3n Buenos D\u00edas\",\"@id\":\"https:\\\/\\\/buenosdiasbcs.com\\\/#\\\/schema\\\/person\\\/15aedc247eab7070ee5d76d6d069a821\"},\"headline\":\"Hurac\u00e1n Karina alcanza categor\u00eda 4: \u00bfAfectar\u00e1 a Baja California Sur?\",\"datePublished\":\"2026-09-01T07:55:00+00:00\",\"mainEntityOfPage\":{\"@id\":\"https:\\\/\\\/buenosdiasbcs.com\\\/?p=14858\"},\"wordCount\":1156,\"commentCount\":0,\"publisher\":{\"@id\":\"https:\\\/\\\/buenosdiasbcs.com\\\/#organization\"},\"image\":{\"@id\":\"https:\\\/\\\/buenosdiasbcs.com\\\/?p=14858#primaryimage\"},\"thumbnailUrl\":\"https:\\\/\\\/buenosdiasbcs.com\\\/wp-content\\\/uploads\\\/2026\\\/09\\\/huracan-karina-alcanza-categoria-4-afectara-a-baja-california-sur-ad9722bf-focus-0-0-1479-828.webp\",\"articleSection\":[\"Clima\"],\"inLanguage\":\"es\",\"potentialAction\":[{\"@type\":\"CommentAction\",\"name\":\"Comment\",\"target\":[\"https:\\\/\\\/buenosdiasbcs.com\\\/?p=14858#respond\"]}]},{\"@type\":\"WebPage\",\"@id\":\"https:\\\/\\\/buenosdiasbcs.com\\\/?p=14858\",\"url\":\"https:\\\/\\\/buenosdiasbcs.com\\\/?p=14858\",\"name\":\"Hurac\u00e1n Karina alcanza categor\u00eda 4: \u00bfAfectar\u00e1 a Baja California Sur? - Buenos D\u00edas BCS\",\"isPartOf\":{\"@id\":\"https:\\\/\\\/buenosdiasbcs.com\\\/#website\"},\"primaryImageOfPage\":{\"@id\":\"https:\\\/\\\/buenosdiasbcs.com\\\/?p=14858#primaryimage\"},\"image\":{\"@id\":\"https:\\\/\\\/buenosdiasbcs.com\\\/?p=14858#primaryimage\"},\"thumbnailUrl\":\"https:\\\/\\\/buenosdiasbcs.com\\\/wp-content\\\/uploads\\\/2026\\\/09\\\/huracan-karina-alcanza-categoria-4-afectara-a-baja-california-sur-ad9722bf-focus-0-0-1479-828.webp\",\"datePublished\":\"2026-09-01T07:55:00+00:00\",\"breadcrumb\":{\"@id\":\"https:\\\/\\\/buenosdiasbcs.com\\\/?p=14858#breadcrumb\"},\"inLanguage\":\"es\",\"potentialAction\":[{\"@type\":\"ReadAction\",\"target\":[\"https:\\\/\\\/buenosdiasbcs.com\\\/?p=14858\"]}]},{\"@type\":\"ImageObject\",\"inLanguage\":\"es\",\"@id\":\"https:\\\/\\\/buenosdiasbcs.com\\\/?p=14858#primaryimage\",\"url\":\"https:\\\/\\\/buenosdiasbcs.com\\\/wp-content\\\/uploads\\\/2026\\\/09\\\/huracan-karina-alcanza-categoria-4-afectara-a-baja-california-sur-ad9722bf-focus-0-0-1479-828.webp\",\"contentUrl\":\"https:\\\/\\\/buenosdiasbcs.com\\\/wp-content\\\/uploads\\\/2026\\\/09\\\/huracan-karina-alcanza-categoria-4-afectara-a-baja-california-sur-ad9722bf-focus-0-0-1479-828.webp\",\"width\":1280,\"height\":720},{\"@type\":\"BreadcrumbList\",\"@id\":\"https:\\\/\\\/buenosdiasbcs.com\\\/?p=14858#breadcrumb\",\"itemListElement\":[{\"@type\":\"ListItem\",\"position\":1,\"name\":\"Portada\",\"item\":\"https:\\\/\\\/buenosdiasbcs.com\\\/\"},{\"@type\":\"ListItem\",\"position\":2,\"name\":\"Hurac\u00e1n Karina alcanza categor\u00eda 4: \u00bfAfectar\u00e1 a Baja California Sur?\"}]},{\"@type\":\"WebSite\",\"@id\":\"https:\\\/\\\/buenosdiasbcs.com\\\/#website\",\"url\":\"https:\\\/\\\/buenosdiasbcs.com\\\/\",\"name\":\"Buenos D\u00edas BCS\",\"description\":\"\",\"publisher\":{\"@id\":\"https:\\\/\\\/buenosdiasbcs.com\\\/#organization\"},\"potentialAction\":[{\"@type\":\"SearchAction\",\"target\":{\"@type\":\"EntryPoint\",\"urlTemplate\":\"https:\\\/\\\/buenosdiasbcs.com\\\/?s={search_term_string}\"},\"query-input\":{\"@type\":\"PropertyValueSpecification\",\"valueRequired\":true,\"valueName\":\"search_term_string\"}}],\"inLanguage\":\"es\"},{\"@type\":\"Organization\",\"@id\":\"https:\\\/\\\/buenosdiasbcs.com\\\/#organization\",\"name\":\"Buenos D\u00edas BCS\",\"url\":\"https:\\\/\\\/buenosdiasbcs.com\\\/\",\"logo\":{\"@type\":\"ImageObject\",\"inLanguage\":\"es\",\"@id\":\"https:\\\/\\\/buenosdiasbcs.com\\\/#\\\/schema\\\/logo\\\/image\\\/\",\"url\":\"https:\\\/\\\/buenosdiasbcs.com\\\/wp-content\\\/uploads\\\/2026\\\/01\\\/logo-buenos-dias-40-01.png\",\"contentUrl\":\"https:\\\/\\\/buenosdiasbcs.com\\\/wp-content\\\/uploads\\\/2026\\\/01\\\/logo-buenos-dias-40-01.png\",\"width\":277,\"height\":40,\"caption\":\"Buenos D\u00edas BCS\"},\"image\":{\"@id\":\"https:\\\/\\\/buenosdiasbcs.com\\\/#\\\/schema\\\/logo\\\/image\\\/\"}},{\"@type\":\"Person\",\"@id\":\"https:\\\/\\\/buenosdiasbcs.com\\\/#\\\/schema\\\/person\\\/15aedc247eab7070ee5d76d6d069a821\",\"name\":\"Edici\u00f3n Buenos D\u00edas\",\"image\":{\"@type\":\"ImageObject\",\"inLanguage\":\"es\",\"@id\":\"https:\\\/\\\/buenosdiasbcs.com\\\/wp-content\\\/uploads\\\/2026\\\/01\\\/cropped-sol-96x96.png\",\"url\":\"https:\\\/\\\/buenosdiasbcs.com\\\/wp-content\\\/uploads\\\/2026\\\/01\\\/cropped-sol-96x96.png\",\"contentUrl\":\"https:\\\/\\\/buenosdiasbcs.com\\\/wp-content\\\/uploads\\\/2026\\\/01\\\/cropped-sol-96x96.png\",\"caption\":\"Edici\u00f3n Buenos D\u00edas\"},\"url\":\"https:\\\/\\\/buenosdiasbcs.com\\\/?author=2\"}]}<\/script>\n<!-- \/ Yoast SEO Premium plugin. -->","yoast_head_json":{"title":"Hurac\u00e1n Karina alcanza categor\u00eda 4: \u00bfAfectar\u00e1 a Baja California Sur? - Buenos D\u00edas BCS","robots":{"index":"index","follow":"follow","max-snippet":"max-snippet:-1","max-image-preview":"max-image-preview:large","max-video-preview":"max-video-preview:-1"},"canonical":"https:\/\/buenosdiasbcs.com\/?p=14858","og_locale":"es_ES","og_type":"article","og_title":"Hurac\u00e1n Karina alcanza categor\u00eda 4: \u00bfAfectar\u00e1 a Baja California Sur?","og_description":"El hurac\u00e1n Karina alcanz\u00f3 categor\u00eda 4 en el Pac\u00edfico, mientras se prev\u00e9 un aumento de lluvias y tormentas en Baja...","og_url":"https:\/\/buenosdiasbcs.com\/?p=14858","og_site_name":"Buenos D\u00edas BCS","article_published_time":"2026-09-01T07:55:00+00:00","og_image":[{"width":1280,"height":720,"url":"https:\/\/buenosdiasbcs.com\/wp-content\/uploads\/2026\/09\/huracan-karina-alcanza-categoria-4-afectara-a-baja-california-sur-ad9722bf-focus-0-0-1479-828.webp","type":"image\/webp"}],"author":"Edici\u00f3n Buenos D\u00edas","twitter_card":"summary_large_image","twitter_misc":{"Escrito por":"Edici\u00f3n Buenos D\u00edas","Tiempo de lectura":"5 minutos"},"schema":{"@context":"https:\/\/schema.org","@graph":[{"@type":"Article","@id":"https:\/\/buenosdiasbcs.com\/?p=14858#article","isPartOf":{"@id":"https:\/\/buenosdiasbcs.com\/?p=14858"},"author":{"name":"Edici\u00f3n Buenos D\u00edas","@id":"https:\/\/buenosdiasbcs.com\/#\/schema\/person\/15aedc247eab7070ee5d76d6d069a821"},"headline":"Hurac\u00e1n Karina alcanza categor\u00eda 4: \u00bfAfectar\u00e1 a Baja California Sur?","datePublished":"2026-09-01T07:55:00+00:00","mainEntityOfPage":{"@id":"https:\/\/buenosdiasbcs.com\/?p=14858"},"wordCount":1156,"commentCount":0,"publisher":{"@id":"https:\/\/buenosdiasbcs.com\/#organization"},"image":{"@id":"https:\/\/buenosdiasbcs.com\/?p=14858#primaryimage"},"thumbnailUrl":"https:\/\/buenosdiasbcs.com\/wp-content\/uploads\/2026\/09\/huracan-karina-alcanza-categoria-4-afectara-a-baja-california-sur-ad9722bf-focus-0-0-1479-828.webp","articleSection":["Clima"],"inLanguage":"es","potentialAction":[{"@type":"CommentAction","name":"Comment","target":["https:\/\/buenosdiasbcs.com\/?p=14858#respond"]}]},{"@type":"WebPage","@id":"https:\/\/buenosdiasbcs.com\/?p=14858","url":"https:\/\/buenosdiasbcs.com\/?p=14858","name":"Hurac\u00e1n Karina alcanza categor\u00eda 4: \u00bfAfectar\u00e1 a Baja California Sur? - Buenos D\u00edas BCS","isPartOf":{"@id":"https:\/\/buenosdiasbcs.com\/#website"},"primaryImageOfPage":{"@id":"https:\/\/buenosdiasbcs.com\/?p=14858#primaryimage"},"image":{"@id":"https:\/\/buenosdiasbcs.com\/?p=14858#primaryimage"},"thumbnailUrl":"https:\/\/buenosdiasbcs.com\/wp-content\/uploads\/2026\/09\/huracan-karina-alcanza-categoria-4-afectara-a-baja-california-sur-ad9722bf-focus-0-0-1479-828.webp","datePublished":"2026-09-01T07:55:00+00:00","breadcrumb":{"@id":"https:\/\/buenosdiasbcs.com\/?p=14858#breadcrumb"},"inLanguage":"es","potentialAction":[{"@type":"ReadAction","target":["https:\/\/buenosdiasbcs.com\/?p=14858"]}]},{"@type":"ImageObject","inLanguage":"es","@id":"https:\/\/buenosdiasbcs.com\/?p=14858#primaryimage","url":"https:\/\/buenosdiasbcs.com\/wp-content\/uploads\/2026\/09\/huracan-karina-alcanza-categoria-4-afectara-a-baja-california-sur-ad9722bf-focus-0-0-1479-828.webp","contentUrl":"https:\/\/buenosdiasbcs.com\/wp-content\/uploads\/2026\/09\/huracan-karina-alcanza-categoria-4-afectara-a-baja-california-sur-ad9722bf-focus-0-0-1479-828.webp","width":1280,"height":720},{"@type":"BreadcrumbList","@id":"https:\/\/buenosdiasbcs.com\/?p=14858#breadcrumb","itemListElement":[{"@type":"ListItem","position":1,"name":"Portada","item":"https:\/\/buenosdiasbcs.com\/"},{"@type":"ListItem","position":2,"name":"Hurac\u00e1n Karina alcanza categor\u00eda 4: \u00bfAfectar\u00e1 a Baja California Sur?"}]},{"@type":"WebSite","@id":"https:\/\/buenosdiasbcs.com\/#website","url":"https:\/\/buenosdiasbcs.com\/","name":"Buenos D\u00edas BCS","description":"","publisher":{"@id":"https:\/\/buenosdiasbcs.com\/#organization"},"potentialAction":[{"@type":"SearchAction","target":{"@type":"EntryPoint","urlTemplate":"https:\/\/buenosdiasbcs.com\/?s={search_term_string}"},"query-input":{"@type":"PropertyValueSpecification","valueRequired":true,"valueName":"search_term_string"}}],"inLanguage":"es"},{"@type":"Organization","@id":"https:\/\/buenosdiasbcs.com\/#organization","name":"Buenos D\u00edas BCS","url":"https:\/\/buenosdiasbcs.com\/","logo":{"@type":"ImageObject","inLanguage":"es","@id":"https:\/\/buenosdiasbcs.com\/#\/schema\/logo\/image\/","url":"https:\/\/buenosdiasbcs.com\/wp-content\/uploads\/2026\/01\/logo-buenos-dias-40-01.png","contentUrl":"https:\/\/buenosdiasbcs.com\/wp-content\/uploads\/2026\/01\/logo-buenos-dias-40-01.png","width":277,"height":40,"caption":"Buenos D\u00edas BCS"},"image":{"@id":"https:\/\/buenosdiasbcs.com\/#\/schema\/logo\/image\/"}},{"@type":"Person","@id":"https:\/\/buenosdiasbcs.com\/#\/schema\/person\/15aedc247eab7070ee5d76d6d069a821","name":"Edici\u00f3n Buenos D\u00edas","image":{"@type":"ImageObject","inLanguage":"es","@id":"https:\/\/buenosdiasbcs.com\/wp-content\/uploads\/2026\/01\/cropped-sol-96x96.png","url":"https:\/\/buenosdiasbcs.com\/wp-content\/uploads\/2026\/01\/cropped-sol-96x96.png","contentUrl":"https:\/\/buenosdiasbcs.com\/wp-content\/uploads\/2026\/01\/cropped-sol-96x96.png","caption":"Edici\u00f3n Buenos D\u00edas"},"url":"https:\/\/buenosdiasbcs.com\/?author=2"}]}},"amp_enabled":true,"_links":{"self":[{"href":"https:\/\/buenosdiasbcs.com\/index.php?rest_route=\/wp\/v2\/posts\/14858","targetHints":{"allow":["GET"]}}],"collection":[{"href":"https:\/\/buenosdiasbcs.com\/index.php?rest_route=\/wp\/v2\/posts"}],"about":[{"href":"https:\/\/buenosdiasbcs.com\/index.php?rest_route=\/wp\/v2\/types\/post"}],"author":[{"embeddable":true,"href":"https:\/\/buenosdiasbcs.com\/index.php?rest_route=\/wp\/v2\/users\/2"}],"replies":[{"embeddable":true,"href":"https:\/\/buenosdiasbcs.com\/index.php?rest_route=%2Fwp%2Fv2%2Fcomments&post=14858"}],"version-history":[{"count":1,"href":"https:\/\/buenosdiasbcs.com\/index.php?rest_route=\/wp\/v2\/posts\/14858\/revisions"}],"predecessor-version":[{"id":14861,"href":"https:\/\/buenosdiasbcs.com\/index.php?rest_route=\/wp\/v2\/posts\/14858\/revisions\/14861"}],"wp:featuredmedia":[{"embeddable":true,"href":"https:\/\/buenosdiasbcs.com\/index.php?rest_route=\/wp\/v2\/media\/14860"}],"wp:attachment":[{"href":"https:\/\/buenosdiasbcs.com\/index.php?rest_route=%2Fwp%2Fv2%2Fmedia&parent=14858"}],"wp:term":[{"taxonomy":"category","embeddable":true,"href":"https:\/\/buenosdiasbcs.com\/index.php?rest_route=%2Fwp%2Fv2%2Fcategories&post=14858"},{"taxonomy":"post_tag","embeddable":true,"href":"https:\/\/buenosdiasbcs.com\/index.php?rest_route=%2Fwp%2Fv2%2Ftags&post=14858"}],"curies":[{"name":"wp","href":"https:\/\/api.w.org\/{rel}","templated":true}]}}