{"id":14837,"date":"2026-09-01T00:37:41","date_gmt":"2026-09-01T07:37:41","guid":{"rendered":"https:\/\/buenosdiasbcs.com\/?p=14837"},"modified":"2026-09-01T00:37:46","modified_gmt":"2026-09-01T07:37:46","slug":"participo-cecyte-bcs-en-reunion-nacional-para-analizar-retos-de-la-educacion-media-superior","status":"publish","type":"post","link":"https:\/\/buenosdiasbcs.com\/?p=14837","title":{"rendered":"Particip\u00f3 CECyTE BCS en reuni\u00f3n nacional para analizar retos de la Educaci\u00f3n Media Superior"},"content":{"rendered":"\n<p class=\"wp-block-paragraph\">El Colegio de Estudios Cient\u00edficos y Tecnol\u00f3gicos del Estado de Baja California Sur (CECyTE BCS) particip\u00f3 en la Reuni\u00f3n Nacional de Directores Generales de los CECyTE, realizada en Saltillo, Coahuila, con la presencia de representantes de los colegios de todo el pa\u00eds.<\/p>\n\n\n\n<p class=\"wp-block-paragraph\">En este espacio, el director general de la instituci\u00f3n, Vladimir Torres Navarro, particip\u00f3 junto con el coordinador nacional de los Organismos Descentralizados Estatales de los CECyTE, Iv\u00e1n Flores Ben\u00edtez, en el an\u00e1lisis de los principales retos que enfrenta actualmente la Educaci\u00f3n Media Superior.<\/p>\n\n\n\n<p class=\"wp-block-paragraph\">Entre los temas abordados estuvieron los casos de \u00e9xito, mediaci\u00f3n de conflictos, creatividad, tecnolog\u00eda con prop\u00f3sito, laboratorios STEAM, gemelos digitales, tecnolog\u00eda industrial aplicada, inteligencia artificial y tecnolog\u00edas exponenciales para el Bachillerato Nacional.<\/p>\n\n\n\n<p class=\"wp-block-paragraph\">Tambi\u00e9n se revisaron aspectos relacionados con la formaci\u00f3n y certificaci\u00f3n en ingl\u00e9s, apoyo did\u00e1ctico, microcredenciales y certificaci\u00f3n de competencias.<\/p>\n\n\n\n<p class=\"wp-block-paragraph\">Torres Navarro destac\u00f3 que estos encuentros permitieron conocer experiencias desarrolladas en otras entidades y valorar aquellas que pudieran adaptarse a las necesidades de las y los estudiantes de Baja California Sur.<\/p>\n\n\n\n<p class=\"wp-block-paragraph\">La reuni\u00f3n cont\u00f3 con la participaci\u00f3n del gobernador de Coahuila, Manolo Jim\u00e9nez Salinas, as\u00ed como de autoridades educativas y directivos de los distintos planteles del subsistema.<\/p>\n\n\n\n<p class=\"wp-block-paragraph\"><\/p>\n","protected":false},"excerpt":{"rendered":"<p>El Colegio de Estudios Cient\u00edficos y Tecnol\u00f3gicos del Estado de Baja California Sur (CECyTE BCS) particip\u00f3 en la Reuni\u00f3n Nacional&#8230;<\/p>\n","protected":false},"author":2,"featured_media":14832,"comment_status":"open","ping_status":"open","sticky":false,"template":"","format":"standard","meta":{"footnotes":""},"categories":[24],"tags":[],"class_list":["post-14837","post","type-post","status-publish","format-standard","has-post-thumbnail","hentry","category-gobierno"],"yoast_head":"<!-- This site is optimized with the Yoast SEO Premium plugin v26.8 (Yoast SEO v28.3) - https:\/\/yoast.com\/product\/yoast-seo-premium-wordpress\/ -->\n<title>Particip\u00f3 CECyTE BCS en reuni\u00f3n nacional para analizar retos de la Educaci\u00f3n Media Superior - Buenos D\u00edas BCS<\/title>\n<meta name=\"robots\" content=\"index, follow, max-snippet:-1, max-image-preview:large, max-video-preview:-1\" \/>\n<link rel=\"canonical\" href=\"https:\/\/buenosdiasbcs.com\/?p=14837\" \/>\n<meta property=\"og:locale\" content=\"es_ES\" \/>\n<meta property=\"og:type\" content=\"article\" \/>\n<meta property=\"og:title\" content=\"Particip\u00f3 CECyTE BCS en reuni\u00f3n nacional para analizar retos de la Educaci\u00f3n Media Superior\" \/>\n<meta property=\"og:description\" content=\"El Colegio de Estudios Cient\u00edficos y Tecnol\u00f3gicos del Estado de Baja California Sur (CECyTE BCS) particip\u00f3 en la Reuni\u00f3n Nacional...\" \/>\n<meta property=\"og:url\" content=\"https:\/\/buenosdiasbcs.com\/?p=14837\" \/>\n<meta property=\"og:site_name\" content=\"Buenos D\u00edas BCS\" \/>\n<meta property=\"article:published_time\" content=\"2026-09-01T07:37:41+00:00\" \/>\n<meta property=\"article:modified_time\" content=\"2026-09-01T07:37:46+00:00\" \/>\n<meta property=\"og:image\" content=\"https:\/\/buenosdiasbcs.com\/wp-content\/uploads\/2026\/09\/FOTO-BOLETIN-CECyTE-REUNION.jpg\" \/>\n\t<meta property=\"og:image:width\" content=\"1280\" \/>\n\t<meta property=\"og:image:height\" content=\"854\" \/>\n\t<meta property=\"og:image:type\" content=\"image\/jpeg\" \/>\n<meta name=\"author\" content=\"Edici\u00f3n Buenos D\u00edas\" \/>\n<meta name=\"twitter:card\" content=\"summary_large_image\" \/>\n<meta name=\"twitter:label1\" content=\"Escrito por\" \/>\n\t<meta name=\"twitter:data1\" content=\"Edici\u00f3n Buenos D\u00edas\" \/>\n\t<meta name=\"twitter:label2\" content=\"Tiempo de lectura\" \/>\n\t<meta name=\"twitter:data2\" content=\"2 minutos\" \/>\n<script type=\"application\/ld+json\" class=\"yoast-schema-graph\">{\"@context\":\"https:\\\/\\\/schema.org\",\"@graph\":[{\"@type\":\"Article\",\"@id\":\"https:\\\/\\\/buenosdiasbcs.com\\\/?p=14837#article\",\"isPartOf\":{\"@id\":\"https:\\\/\\\/buenosdiasbcs.com\\\/?p=14837\"},\"author\":{\"name\":\"Edici\u00f3n Buenos D\u00edas\",\"@id\":\"https:\\\/\\\/buenosdiasbcs.com\\\/#\\\/schema\\\/person\\\/15aedc247eab7070ee5d76d6d069a821\"},\"headline\":\"Particip\u00f3 CECyTE BCS en reuni\u00f3n nacional para analizar retos de la Educaci\u00f3n Media Superior\",\"datePublished\":\"2026-09-01T07:37:41+00:00\",\"dateModified\":\"2026-09-01T07:37:46+00:00\",\"mainEntityOfPage\":{\"@id\":\"https:\\\/\\\/buenosdiasbcs.com\\\/?p=14837\"},\"wordCount\":232,\"commentCount\":0,\"publisher\":{\"@id\":\"https:\\\/\\\/buenosdiasbcs.com\\\/#organization\"},\"image\":{\"@id\":\"https:\\\/\\\/buenosdiasbcs.com\\\/?p=14837#primaryimage\"},\"thumbnailUrl\":\"https:\\\/\\\/buenosdiasbcs.com\\\/wp-content\\\/uploads\\\/2026\\\/09\\\/FOTO-BOLETIN-CECyTE-REUNION.jpg\",\"articleSection\":[\"Gobierno\"],\"inLanguage\":\"es\",\"potentialAction\":[{\"@type\":\"CommentAction\",\"name\":\"Comment\",\"target\":[\"https:\\\/\\\/buenosdiasbcs.com\\\/?p=14837#respond\"]}]},{\"@type\":\"WebPage\",\"@id\":\"https:\\\/\\\/buenosdiasbcs.com\\\/?p=14837\",\"url\":\"https:\\\/\\\/buenosdiasbcs.com\\\/?p=14837\",\"name\":\"Particip\u00f3 CECyTE BCS en reuni\u00f3n nacional para analizar retos de la Educaci\u00f3n Media Superior - Buenos D\u00edas BCS\",\"isPartOf\":{\"@id\":\"https:\\\/\\\/buenosdiasbcs.com\\\/#website\"},\"primaryImageOfPage\":{\"@id\":\"https:\\\/\\\/buenosdiasbcs.com\\\/?p=14837#primaryimage\"},\"image\":{\"@id\":\"https:\\\/\\\/buenosdiasbcs.com\\\/?p=14837#primaryimage\"},\"thumbnailUrl\":\"https:\\\/\\\/buenosdiasbcs.com\\\/wp-content\\\/uploads\\\/2026\\\/09\\\/FOTO-BOLETIN-CECyTE-REUNION.jpg\",\"datePublished\":\"2026-09-01T07:37:41+00:00\",\"dateModified\":\"2026-09-01T07:37:46+00:00\",\"breadcrumb\":{\"@id\":\"https:\\\/\\\/buenosdiasbcs.com\\\/?p=14837#breadcrumb\"},\"inLanguage\":\"es\",\"potentialAction\":[{\"@type\":\"ReadAction\",\"target\":[\"https:\\\/\\\/buenosdiasbcs.com\\\/?p=14837\"]}]},{\"@type\":\"ImageObject\",\"inLanguage\":\"es\",\"@id\":\"https:\\\/\\\/buenosdiasbcs.com\\\/?p=14837#primaryimage\",\"url\":\"https:\\\/\\\/buenosdiasbcs.com\\\/wp-content\\\/uploads\\\/2026\\\/09\\\/FOTO-BOLETIN-CECyTE-REUNION.jpg\",\"contentUrl\":\"https:\\\/\\\/buenosdiasbcs.com\\\/wp-content\\\/uploads\\\/2026\\\/09\\\/FOTO-BOLETIN-CECyTE-REUNION.jpg\",\"width\":1280,\"height\":854},{\"@type\":\"BreadcrumbList\",\"@id\":\"https:\\\/\\\/buenosdiasbcs.com\\\/?p=14837#breadcrumb\",\"itemListElement\":[{\"@type\":\"ListItem\",\"position\":1,\"name\":\"Portada\",\"item\":\"https:\\\/\\\/buenosdiasbcs.com\\\/\"},{\"@type\":\"ListItem\",\"position\":2,\"name\":\"Particip\u00f3 CECyTE BCS en reuni\u00f3n nacional para analizar retos de la Educaci\u00f3n Media Superior\"}]},{\"@type\":\"WebSite\",\"@id\":\"https:\\\/\\\/buenosdiasbcs.com\\\/#website\",\"url\":\"https:\\\/\\\/buenosdiasbcs.com\\\/\",\"name\":\"Buenos D\u00edas BCS\",\"description\":\"\",\"publisher\":{\"@id\":\"https:\\\/\\\/buenosdiasbcs.com\\\/#organization\"},\"potentialAction\":[{\"@type\":\"SearchAction\",\"target\":{\"@type\":\"EntryPoint\",\"urlTemplate\":\"https:\\\/\\\/buenosdiasbcs.com\\\/?s={search_term_string}\"},\"query-input\":{\"@type\":\"PropertyValueSpecification\",\"valueRequired\":true,\"valueName\":\"search_term_string\"}}],\"inLanguage\":\"es\"},{\"@type\":\"Organization\",\"@id\":\"https:\\\/\\\/buenosdiasbcs.com\\\/#organization\",\"name\":\"Buenos D\u00edas BCS\",\"url\":\"https:\\\/\\\/buenosdiasbcs.com\\\/\",\"logo\":{\"@type\":\"ImageObject\",\"inLanguage\":\"es\",\"@id\":\"https:\\\/\\\/buenosdiasbcs.com\\\/#\\\/schema\\\/logo\\\/image\\\/\",\"url\":\"https:\\\/\\\/buenosdiasbcs.com\\\/wp-content\\\/uploads\\\/2026\\\/01\\\/logo-buenos-dias-40-01.png\",\"contentUrl\":\"https:\\\/\\\/buenosdiasbcs.com\\\/wp-content\\\/uploads\\\/2026\\\/01\\\/logo-buenos-dias-40-01.png\",\"width\":277,\"height\":40,\"caption\":\"Buenos D\u00edas BCS\"},\"image\":{\"@id\":\"https:\\\/\\\/buenosdiasbcs.com\\\/#\\\/schema\\\/logo\\\/image\\\/\"}},{\"@type\":\"Person\",\"@id\":\"https:\\\/\\\/buenosdiasbcs.com\\\/#\\\/schema\\\/person\\\/15aedc247eab7070ee5d76d6d069a821\",\"name\":\"Edici\u00f3n Buenos D\u00edas\",\"image\":{\"@type\":\"ImageObject\",\"inLanguage\":\"es\",\"@id\":\"https:\\\/\\\/buenosdiasbcs.com\\\/wp-content\\\/uploads\\\/2026\\\/01\\\/cropped-sol-96x96.png\",\"url\":\"https:\\\/\\\/buenosdiasbcs.com\\\/wp-content\\\/uploads\\\/2026\\\/01\\\/cropped-sol-96x96.png\",\"contentUrl\":\"https:\\\/\\\/buenosdiasbcs.com\\\/wp-content\\\/uploads\\\/2026\\\/01\\\/cropped-sol-96x96.png\",\"caption\":\"Edici\u00f3n Buenos D\u00edas\"},\"url\":\"https:\\\/\\\/buenosdiasbcs.com\\\/?author=2\"}]}<\/script>\n<!-- \/ Yoast SEO Premium plugin. -->","yoast_head_json":{"title":"Particip\u00f3 CECyTE BCS en reuni\u00f3n nacional para analizar retos de la Educaci\u00f3n Media Superior - Buenos D\u00edas BCS","robots":{"index":"index","follow":"follow","max-snippet":"max-snippet:-1","max-image-preview":"max-image-preview:large","max-video-preview":"max-video-preview:-1"},"canonical":"https:\/\/buenosdiasbcs.com\/?p=14837","og_locale":"es_ES","og_type":"article","og_title":"Particip\u00f3 CECyTE BCS en reuni\u00f3n nacional para analizar retos de la Educaci\u00f3n Media Superior","og_description":"El Colegio de Estudios Cient\u00edficos y Tecnol\u00f3gicos del Estado de Baja California Sur (CECyTE BCS) particip\u00f3 en la Reuni\u00f3n Nacional...","og_url":"https:\/\/buenosdiasbcs.com\/?p=14837","og_site_name":"Buenos D\u00edas BCS","article_published_time":"2026-09-01T07:37:41+00:00","article_modified_time":"2026-09-01T07:37:46+00:00","og_image":[{"width":1280,"height":854,"url":"https:\/\/buenosdiasbcs.com\/wp-content\/uploads\/2026\/09\/FOTO-BOLETIN-CECyTE-REUNION.jpg","type":"image\/jpeg"}],"author":"Edici\u00f3n Buenos D\u00edas","twitter_card":"summary_large_image","twitter_misc":{"Escrito por":"Edici\u00f3n Buenos D\u00edas","Tiempo de lectura":"2 minutos"},"schema":{"@context":"https:\/\/schema.org","@graph":[{"@type":"Article","@id":"https:\/\/buenosdiasbcs.com\/?p=14837#article","isPartOf":{"@id":"https:\/\/buenosdiasbcs.com\/?p=14837"},"author":{"name":"Edici\u00f3n Buenos D\u00edas","@id":"https:\/\/buenosdiasbcs.com\/#\/schema\/person\/15aedc247eab7070ee5d76d6d069a821"},"headline":"Particip\u00f3 CECyTE BCS en reuni\u00f3n nacional para analizar retos de la Educaci\u00f3n Media Superior","datePublished":"2026-09-01T07:37:41+00:00","dateModified":"2026-09-01T07:37:46+00:00","mainEntityOfPage":{"@id":"https:\/\/buenosdiasbcs.com\/?p=14837"},"wordCount":232,"commentCount":0,"publisher":{"@id":"https:\/\/buenosdiasbcs.com\/#organization"},"image":{"@id":"https:\/\/buenosdiasbcs.com\/?p=14837#primaryimage"},"thumbnailUrl":"https:\/\/buenosdiasbcs.com\/wp-content\/uploads\/2026\/09\/FOTO-BOLETIN-CECyTE-REUNION.jpg","articleSection":["Gobierno"],"inLanguage":"es","potentialAction":[{"@type":"CommentAction","name":"Comment","target":["https:\/\/buenosdiasbcs.com\/?p=14837#respond"]}]},{"@type":"WebPage","@id":"https:\/\/buenosdiasbcs.com\/?p=14837","url":"https:\/\/buenosdiasbcs.com\/?p=14837","name":"Particip\u00f3 CECyTE BCS en reuni\u00f3n nacional para analizar retos de la Educaci\u00f3n Media Superior - Buenos D\u00edas BCS","isPartOf":{"@id":"https:\/\/buenosdiasbcs.com\/#website"},"primaryImageOfPage":{"@id":"https:\/\/buenosdiasbcs.com\/?p=14837#primaryimage"},"image":{"@id":"https:\/\/buenosdiasbcs.com\/?p=14837#primaryimage"},"thumbnailUrl":"https:\/\/buenosdiasbcs.com\/wp-content\/uploads\/2026\/09\/FOTO-BOLETIN-CECyTE-REUNION.jpg","datePublished":"2026-09-01T07:37:41+00:00","dateModified":"2026-09-01T07:37:46+00:00","breadcrumb":{"@id":"https:\/\/buenosdiasbcs.com\/?p=14837#breadcrumb"},"inLanguage":"es","potentialAction":[{"@type":"ReadAction","target":["https:\/\/buenosdiasbcs.com\/?p=14837"]}]},{"@type":"ImageObject","inLanguage":"es","@id":"https:\/\/buenosdiasbcs.com\/?p=14837#primaryimage","url":"https:\/\/buenosdiasbcs.com\/wp-content\/uploads\/2026\/09\/FOTO-BOLETIN-CECyTE-REUNION.jpg","contentUrl":"https:\/\/buenosdiasbcs.com\/wp-content\/uploads\/2026\/09\/FOTO-BOLETIN-CECyTE-REUNION.jpg","width":1280,"height":854},{"@type":"BreadcrumbList","@id":"https:\/\/buenosdiasbcs.com\/?p=14837#breadcrumb","itemListElement":[{"@type":"ListItem","position":1,"name":"Portada","item":"https:\/\/buenosdiasbcs.com\/"},{"@type":"ListItem","position":2,"name":"Particip\u00f3 CECyTE BCS en reuni\u00f3n nacional para analizar retos de la Educaci\u00f3n Media Superior"}]},{"@type":"WebSite","@id":"https:\/\/buenosdiasbcs.com\/#website","url":"https:\/\/buenosdiasbcs.com\/","name":"Buenos D\u00edas BCS","description":"","publisher":{"@id":"https:\/\/buenosdiasbcs.com\/#organization"},"potentialAction":[{"@type":"SearchAction","target":{"@type":"EntryPoint","urlTemplate":"https:\/\/buenosdiasbcs.com\/?s={search_term_string}"},"query-input":{"@type":"PropertyValueSpecification","valueRequired":true,"valueName":"search_term_string"}}],"inLanguage":"es"},{"@type":"Organization","@id":"https:\/\/buenosdiasbcs.com\/#organization","name":"Buenos D\u00edas BCS","url":"https:\/\/buenosdiasbcs.com\/","logo":{"@type":"ImageObject","inLanguage":"es","@id":"https:\/\/buenosdiasbcs.com\/#\/schema\/logo\/image\/","url":"https:\/\/buenosdiasbcs.com\/wp-content\/uploads\/2026\/01\/logo-buenos-dias-40-01.png","contentUrl":"https:\/\/buenosdiasbcs.com\/wp-content\/uploads\/2026\/01\/logo-buenos-dias-40-01.png","width":277,"height":40,"caption":"Buenos D\u00edas BCS"},"image":{"@id":"https:\/\/buenosdiasbcs.com\/#\/schema\/logo\/image\/"}},{"@type":"Person","@id":"https:\/\/buenosdiasbcs.com\/#\/schema\/person\/15aedc247eab7070ee5d76d6d069a821","name":"Edici\u00f3n Buenos D\u00edas","image":{"@type":"ImageObject","inLanguage":"es","@id":"https:\/\/buenosdiasbcs.com\/wp-content\/uploads\/2026\/01\/cropped-sol-96x96.png","url":"https:\/\/buenosdiasbcs.com\/wp-content\/uploads\/2026\/01\/cropped-sol-96x96.png","contentUrl":"https:\/\/buenosdiasbcs.com\/wp-content\/uploads\/2026\/01\/cropped-sol-96x96.png","caption":"Edici\u00f3n Buenos D\u00edas"},"url":"https:\/\/buenosdiasbcs.com\/?author=2"}]}},"amp_enabled":true,"_links":{"self":[{"href":"https:\/\/buenosdiasbcs.com\/index.php?rest_route=\/wp\/v2\/posts\/14837","targetHints":{"allow":["GET"]}}],"collection":[{"href":"https:\/\/buenosdiasbcs.com\/index.php?rest_route=\/wp\/v2\/posts"}],"about":[{"href":"https:\/\/buenosdiasbcs.com\/index.php?rest_route=\/wp\/v2\/types\/post"}],"author":[{"embeddable":true,"href":"https:\/\/buenosdiasbcs.com\/index.php?rest_route=\/wp\/v2\/users\/2"}],"replies":[{"embeddable":true,"href":"https:\/\/buenosdiasbcs.com\/index.php?rest_route=%2Fwp%2Fv2%2Fcomments&post=14837"}],"version-history":[{"count":1,"href":"https:\/\/buenosdiasbcs.com\/index.php?rest_route=\/wp\/v2\/posts\/14837\/revisions"}],"predecessor-version":[{"id":14838,"href":"https:\/\/buenosdiasbcs.com\/index.php?rest_route=\/wp\/v2\/posts\/14837\/revisions\/14838"}],"wp:featuredmedia":[{"embeddable":true,"href":"https:\/\/buenosdiasbcs.com\/index.php?rest_route=\/wp\/v2\/media\/14832"}],"wp:attachment":[{"href":"https:\/\/buenosdiasbcs.com\/index.php?rest_route=%2Fwp%2Fv2%2Fmedia&parent=14837"}],"wp:term":[{"taxonomy":"category","embeddable":true,"href":"https:\/\/buenosdiasbcs.com\/index.php?rest_route=%2Fwp%2Fv2%2Fcategories&post=14837"},{"taxonomy":"post_tag","embeddable":true,"href":"https:\/\/buenosdiasbcs.com\/index.php?rest_route=%2Fwp%2Fv2%2Ftags&post=14837"}],"curies":[{"name":"wp","href":"https:\/\/api.w.org\/{rel}","templated":true}]}}