{"id":14826,"date":"2026-08-31T00:37:00","date_gmt":"2026-08-31T07:37:00","guid":{"rendered":"https:\/\/buenosdiasbcs.com\/?p=14826"},"modified":"2026-08-30T22:40:18","modified_gmt":"2026-08-31T05:40:18","slug":"r-rocha-moya-afectara-mucho-a-su-partido-morena-en-lo-electoral-en-lo-social-en-credibilidad-ymejor-voy-a-estos-pensamientos-de-relax-2","status":"publish","type":"post","link":"https:\/\/buenosdiasbcs.com\/?p=14826","title":{"rendered":"* R. ROCHA MOYA AFECTAR\u00c1 MUCHO A SU PARTIDO MORENA EN LO ELECTORAL, EN LO SOCIAL, EN CREDIBILIDAD, Y\u2026MEJOR VOY A ESTOS PENSAMIENTOS DE RELAX."},"content":{"rendered":"\n<p class=\"wp-block-paragraph\">Se trata de que lo que se sabe seg\u00fan la informaci\u00f3n recabada es esta parte, que ten\u00eda militares al cuidado, Fraccionamiento de Lujo y un Rancho en Badiraguato, seg\u00fan testimonios recabados en Culiac\u00e1n, Rocha Moya ten\u00eda residencia en el exclusivo fraccionamiento Privada Banus 360, en la zona La Isla Musal\u00e1. Elementos militares y patrullas de polic\u00eda local han montado vigilancia intermitente en los accesos del desarrollo. Quienes frecuentan la zona aseguran que el funcionario entra y sale en distintos veh\u00edculos para evitar ser identificado. Tambi\u00e9n se menciona un rancho en Batequitas, Badiraguato, municipio natal tanto de Rocha Moya como de Joaqu\u00edn \u201cEl Chapo\u201d Guzm\u00e1n-ubicado a unos 60 kil\u00f3metros de Culiac\u00e1n, al que no resulta sencillo acceder por razones de seguridad.<\/p>\n\n\n\n<p class=\"wp-block-paragraph\">Mientras tanto, la presidenta Claudia Sheinbaum confirm\u00f3 que la escolta asignada responde a protocolos vigentes para funcionarios. La consejera jur\u00eddica Luisa Mar\u00eda Alcalde aclar\u00f3 que Estados Unidos a\u00fan no ha presentado las pruebas necesarias para formalizar la solicitud de detenci\u00f3n provisional.<\/p>\n\n\n\n<h2 id=\"h-desgraciadamente-se-aprecia-a-sinaloa-sin-respuestas-y-con-violencia\" class=\"wp-block-heading\">* DESGRACIADAMENTE SE APRECIA A SINALOA SIN RESPUESTAS Y CON VIOLENCIA.<\/h2>\n\n\n\n<p class=\"wp-block-paragraph\">La incertidumbre pol\u00edtica no ha detenido la violencia en el estado. Durante estas semanas se registraron balaceras en la plaza comercial Tres R\u00edos, y otras partes en Culiac\u00e1n. Homicidios y atentados contra negocios contin\u00faan en Culiac\u00e1n y Navolato. Rub\u00e9n Rocha Moya antes y despu\u00e9s de su segunda \u201clicencia\u201d no ha aparecido en p\u00fablico ni emitido declaraci\u00f3n alguna desde que se desvaneciera de la escena pol\u00edtica. El misterio sobre su paradero, lejos de disiparse, sigue alimentando la desconfianza ciudadana.Pues bien, hasta aqu\u00ed con este tema inicial; y al respecto tem\u00e1tico quiero acotar algo de mi periodismo.<\/p>\n\n\n\n<p class=\"wp-block-paragraph\">como esto\u2026que en la mayor\u00eda de los temas sobre todo en el de an\u00e1lisis, reflexiones en art\u00edculos, y tambi\u00e9n m\u00e1s ocasional como los de PENSAMIENTOS poetizados. El caso es que por lo general los hago (sobre todo en los pol\u00edticos) con especial neutralidad, es decir, que no me inclino, no me clavo, por un s\u00f3lo lado, por un s\u00f3lo color, por una sola extrema izquierda, extrema derecha, de ning\u00fan extremo. Esto sucede, en cuanto a opiniones, muy m\u00edas, en cuanto a an\u00e1lisis, en cuanto a puntos de vista y hasta en cuanto a sugerencias ciudadanas, pol\u00edticas y sociales.<\/p>\n\n\n\n<h2 id=\"h-comienzo-con-este-pensamiento-articulado-muy-propio-y-seguire-con\" class=\"wp-block-heading\">* COMIENZO CON ESTE PENSAMIENTO ARTICULADO MUY PROPIO, Y SEGUIR\u00c9 CON\u2026<\/h2>\n\n\n\n<p class=\"wp-block-paragraph\">Esa es la realidad de las realidades. No la palabrer\u00eda que llaman &#8220;politiquer\u00eda&#8221;, sobre todo de los que estaban en contra de L. Obrador, no; de la figura del presidente?, no; de su pol\u00edtica de supuesta de izquierda positiva (Dem\u00f3crata social) como debiera ser?, tampoco; y es que siempre he velado por parte de la gente, de la ciudadan\u00eda, de las inversiones, de aqu\u00ed y de all\u00e1, de todo, siempre como ciudadan\u00eda; de las profesiones, de las empresas medianas, de las grandes empresas, dignas, etc. aunque algunas \u201cespeciales\u201d en una situaci\u00f3n muy equivalente o parecida que todo indica que no le quieren entrar con los grandes pol\u00edticos, de la llamada la media, o \u201cTercera v\u00eda\u201d.<\/p>\n\n\n\n<p class=\"wp-block-paragraph\">Ah, y no estoy hablando de partidos: que MORENA, que PRIAN y que pol\u00edtica y eso y lo otro, sino de realidades, de los que tienen los poderes, pues. Mis an\u00e1lisis pol\u00edticos y period\u00edsticos son en funci\u00f3n de hechos y\/o demostraciones, tanto de palabras como del hecho mismo; sin embargo, esto lo dicen de palabra, no lo demuestran. En Campa\u00f1a lo dicen las palabras, pero no lo demuestran, no sirven; no tienen pruebas, no hay realidad si no hay demostraci\u00f3n, y pues no vale por ejem. Una supuesta demostraci\u00f3n nada m\u00e1s: &#8220;Yo fui un gran boxeador&#8221;&#8230;y no sabe ni tirar una cachetada; o &#8220;yo fui un gran nadador, diez veces iba al Mogote y me devolv\u00eda&#8221;. \u00bfy\u2026?; y que le digan: &#8220;A ver, de perdida, vamos nadando de aqu\u00ed a all\u00e1&#8221;. &#8220;\u00a1No, no, no me animo\u201d&#8230;h\u00e1game el favor!<\/p>\n\n\n\n<h2 id=\"h-ahorita-ahora-de-mi-parte-van-estos-dos-pensamientos-propios\" class=\"wp-block-heading\">*. AHORITA.- AHORA DE MI PARTE VAN ESTOS DOS PENSAMIENTOS PROPIOS.<\/h2>\n\n\n\n<p class=\"wp-block-paragraph\">A estas alturas de mi vida, \u00faltimamente he estado midiendo los altibajos de la misma, y llego a la conclusi\u00f3n que s\u00ed los he tenido y, quiz\u00e1 mucho m\u00e1s, los bajos que los altis. Sin embargo -reflexion\u00e9, medit\u00e9- los altis, o sea los altos, los grandes, dominaron a los bajos, que eran num\u00e9ricamente mayores.<\/p>\n\n\n\n<p class=\"wp-block-paragraph\">Con los altos, con eso -como dice el poeta- tengo bastante, para seguir de frente tratando de autodominarme, valorando lo positivo y lo negativo. Y que la balanza se siga moviendo, esa balanza de la vida que a veces se va inclinando para un solo lado, ya se imaginan qu\u00e9 lado es al que se inclina finalmente la balanza de todos los seres que tienen, tenemos, vida, incluyendo hasta a los vegetales y los animales sin raz\u00f3n. Cuantim\u00e1s -como dijo aquel- los seres humanos. Pero no todos, no todos, porque hay seres humanos que est\u00e1n perdidos en la oscuridad no de la nada: en la oscuridad de su propia vida, y la futura, que no s\u00e9 d\u00f3nde vayan o vayamos a ir con precisi\u00f3n.<\/p>\n\n\n\n<p class=\"wp-block-paragraph\">Y CIERRO CON \u00c9STE&#8230;En el ajedrez las combinaciones casi siempre suelen ser brillantes y culminan con el triunfo de quien las realiza. As\u00ed en la vida, que bonito es jugar con dos que tres combinaciones, equilibrar, variar, diversificar. As\u00ed, ni ser nada m\u00e1s bueno bueno, ni malo malo, no s\u00f3lo trabajo ni s\u00f3lo holganza, ni nomas espiritual, ni nomas material, etc. Bien, para m\u00ed la gran combinaci\u00f3n de la vida es &#8220;familia-trabajo- convivencia y bohemia- enfrentar los problemas- amigos y &#8220;enemiguillos&#8221;; hacer con todo ello una especial combinaci\u00f3n, pero siempre &#8220;ser t\u00fa mismo&#8221;. Digo\u2026AHORA!<\/p>\n\n\n\n<p class=\"wp-block-paragraph\"><\/p>\n","protected":false},"excerpt":{"rendered":"<p>Se trata de que lo que se sabe seg\u00fan la informaci\u00f3n recabada es esta parte, que ten\u00eda militares al cuidado,&#8230;<\/p>\n","protected":false},"author":2,"featured_media":14827,"comment_status":"open","ping_status":"open","sticky":false,"template":"","format":"standard","meta":{"rs_blank_template":"","rs_page_bg_color":"","slide_template_v7":"","footnotes":""},"categories":[234],"tags":[],"class_list":["post-14826","post","type-post","status-publish","format-standard","has-post-thumbnail","hentry","category-opinion"],"yoast_head":"<!-- This site is optimized with the Yoast SEO Premium plugin v26.8 (Yoast SEO v28.3) - https:\/\/yoast.com\/product\/yoast-seo-premium-wordpress\/ -->\n<title>* R. ROCHA MOYA AFECTAR\u00c1 MUCHO A SU PARTIDO MORENA EN LO ELECTORAL, EN LO SOCIAL, EN CREDIBILIDAD, Y\u2026MEJOR VOY A ESTOS PENSAMIENTOS DE RELAX. - Buenos D\u00edas BCS<\/title>\n<meta name=\"robots\" content=\"index, follow, max-snippet:-1, max-image-preview:large, max-video-preview:-1\" \/>\n<link rel=\"canonical\" href=\"https:\/\/buenosdiasbcs.com\/?p=14826\" \/>\n<meta property=\"og:locale\" content=\"es_ES\" \/>\n<meta property=\"og:type\" content=\"article\" \/>\n<meta property=\"og:title\" content=\"* R. ROCHA MOYA AFECTAR\u00c1 MUCHO A SU PARTIDO MORENA EN LO ELECTORAL, EN LO SOCIAL, EN CREDIBILIDAD, Y\u2026MEJOR VOY A ESTOS PENSAMIENTOS DE RELAX.\" \/>\n<meta property=\"og:description\" content=\"Se trata de que lo que se sabe seg\u00fan la informaci\u00f3n recabada es esta parte, que ten\u00eda militares al cuidado,...\" \/>\n<meta property=\"og:url\" content=\"https:\/\/buenosdiasbcs.com\/?p=14826\" \/>\n<meta property=\"og:site_name\" content=\"Buenos D\u00edas BCS\" \/>\n<meta property=\"article:published_time\" content=\"2026-08-31T07:37:00+00:00\" \/>\n<meta property=\"og:image\" content=\"https:\/\/buenosdiasbcs.com\/wp-content\/uploads\/2026\/08\/admin-ajax.php_-4.png\" \/>\n\t<meta property=\"og:image:width\" content=\"600\" \/>\n\t<meta property=\"og:image:height\" content=\"404\" \/>\n\t<meta property=\"og:image:type\" content=\"image\/png\" \/>\n<meta name=\"author\" content=\"Edici\u00f3n Buenos D\u00edas\" \/>\n<meta name=\"twitter:card\" content=\"summary_large_image\" \/>\n<meta name=\"twitter:label1\" content=\"Escrito por\" \/>\n\t<meta name=\"twitter:data1\" content=\"Edici\u00f3n Buenos D\u00edas\" \/>\n\t<meta name=\"twitter:label2\" content=\"Tiempo de lectura\" \/>\n\t<meta name=\"twitter:data2\" content=\"5 minutos\" \/>\n<script type=\"application\/ld+json\" class=\"yoast-schema-graph\">{\"@context\":\"https:\\\/\\\/schema.org\",\"@graph\":[{\"@type\":\"Article\",\"@id\":\"https:\\\/\\\/buenosdiasbcs.com\\\/?p=14826#article\",\"isPartOf\":{\"@id\":\"https:\\\/\\\/buenosdiasbcs.com\\\/?p=14826\"},\"author\":{\"name\":\"Edici\u00f3n Buenos D\u00edas\",\"@id\":\"https:\\\/\\\/buenosdiasbcs.com\\\/#\\\/schema\\\/person\\\/15aedc247eab7070ee5d76d6d069a821\"},\"headline\":\"* R. ROCHA MOYA AFECTAR\u00c1 MUCHO A SU PARTIDO MORENA EN LO ELECTORAL, EN LO SOCIAL, EN CREDIBILIDAD, Y\u2026MEJOR VOY A ESTOS PENSAMIENTOS DE RELAX.\",\"datePublished\":\"2026-08-31T07:37:00+00:00\",\"mainEntityOfPage\":{\"@id\":\"https:\\\/\\\/buenosdiasbcs.com\\\/?p=14826\"},\"wordCount\":1014,\"commentCount\":0,\"publisher\":{\"@id\":\"https:\\\/\\\/buenosdiasbcs.com\\\/#organization\"},\"image\":{\"@id\":\"https:\\\/\\\/buenosdiasbcs.com\\\/?p=14826#primaryimage\"},\"thumbnailUrl\":\"https:\\\/\\\/buenosdiasbcs.com\\\/wp-content\\\/uploads\\\/2026\\\/08\\\/admin-ajax.php_-4.png\",\"articleSection\":[\"Opini\u00f3n\"],\"inLanguage\":\"es\",\"potentialAction\":[{\"@type\":\"CommentAction\",\"name\":\"Comment\",\"target\":[\"https:\\\/\\\/buenosdiasbcs.com\\\/?p=14826#respond\"]}]},{\"@type\":\"WebPage\",\"@id\":\"https:\\\/\\\/buenosdiasbcs.com\\\/?p=14826\",\"url\":\"https:\\\/\\\/buenosdiasbcs.com\\\/?p=14826\",\"name\":\"* R. ROCHA MOYA AFECTAR\u00c1 MUCHO A SU PARTIDO MORENA EN LO ELECTORAL, EN LO SOCIAL, EN CREDIBILIDAD, Y\u2026MEJOR VOY A ESTOS PENSAMIENTOS DE RELAX. - Buenos D\u00edas BCS\",\"isPartOf\":{\"@id\":\"https:\\\/\\\/buenosdiasbcs.com\\\/#website\"},\"primaryImageOfPage\":{\"@id\":\"https:\\\/\\\/buenosdiasbcs.com\\\/?p=14826#primaryimage\"},\"image\":{\"@id\":\"https:\\\/\\\/buenosdiasbcs.com\\\/?p=14826#primaryimage\"},\"thumbnailUrl\":\"https:\\\/\\\/buenosdiasbcs.com\\\/wp-content\\\/uploads\\\/2026\\\/08\\\/admin-ajax.php_-4.png\",\"datePublished\":\"2026-08-31T07:37:00+00:00\",\"breadcrumb\":{\"@id\":\"https:\\\/\\\/buenosdiasbcs.com\\\/?p=14826#breadcrumb\"},\"inLanguage\":\"es\",\"potentialAction\":[{\"@type\":\"ReadAction\",\"target\":[\"https:\\\/\\\/buenosdiasbcs.com\\\/?p=14826\"]}]},{\"@type\":\"ImageObject\",\"inLanguage\":\"es\",\"@id\":\"https:\\\/\\\/buenosdiasbcs.com\\\/?p=14826#primaryimage\",\"url\":\"https:\\\/\\\/buenosdiasbcs.com\\\/wp-content\\\/uploads\\\/2026\\\/08\\\/admin-ajax.php_-4.png\",\"contentUrl\":\"https:\\\/\\\/buenosdiasbcs.com\\\/wp-content\\\/uploads\\\/2026\\\/08\\\/admin-ajax.php_-4.png\",\"width\":600,\"height\":404},{\"@type\":\"BreadcrumbList\",\"@id\":\"https:\\\/\\\/buenosdiasbcs.com\\\/?p=14826#breadcrumb\",\"itemListElement\":[{\"@type\":\"ListItem\",\"position\":1,\"name\":\"Portada\",\"item\":\"https:\\\/\\\/buenosdiasbcs.com\\\/\"},{\"@type\":\"ListItem\",\"position\":2,\"name\":\"* R. ROCHA MOYA AFECTAR\u00c1 MUCHO A SU PARTIDO MORENA EN LO ELECTORAL, EN LO SOCIAL, EN CREDIBILIDAD, Y\u2026MEJOR VOY A ESTOS PENSAMIENTOS DE RELAX.\"}]},{\"@type\":\"WebSite\",\"@id\":\"https:\\\/\\\/buenosdiasbcs.com\\\/#website\",\"url\":\"https:\\\/\\\/buenosdiasbcs.com\\\/\",\"name\":\"Buenos D\u00edas BCS\",\"description\":\"\",\"publisher\":{\"@id\":\"https:\\\/\\\/buenosdiasbcs.com\\\/#organization\"},\"potentialAction\":[{\"@type\":\"SearchAction\",\"target\":{\"@type\":\"EntryPoint\",\"urlTemplate\":\"https:\\\/\\\/buenosdiasbcs.com\\\/?s={search_term_string}\"},\"query-input\":{\"@type\":\"PropertyValueSpecification\",\"valueRequired\":true,\"valueName\":\"search_term_string\"}}],\"inLanguage\":\"es\"},{\"@type\":\"Organization\",\"@id\":\"https:\\\/\\\/buenosdiasbcs.com\\\/#organization\",\"name\":\"Buenos D\u00edas BCS\",\"url\":\"https:\\\/\\\/buenosdiasbcs.com\\\/\",\"logo\":{\"@type\":\"ImageObject\",\"inLanguage\":\"es\",\"@id\":\"https:\\\/\\\/buenosdiasbcs.com\\\/#\\\/schema\\\/logo\\\/image\\\/\",\"url\":\"https:\\\/\\\/buenosdiasbcs.com\\\/wp-content\\\/uploads\\\/2026\\\/01\\\/logo-buenos-dias-40-01.png\",\"contentUrl\":\"https:\\\/\\\/buenosdiasbcs.com\\\/wp-content\\\/uploads\\\/2026\\\/01\\\/logo-buenos-dias-40-01.png\",\"width\":277,\"height\":40,\"caption\":\"Buenos D\u00edas BCS\"},\"image\":{\"@id\":\"https:\\\/\\\/buenosdiasbcs.com\\\/#\\\/schema\\\/logo\\\/image\\\/\"}},{\"@type\":\"Person\",\"@id\":\"https:\\\/\\\/buenosdiasbcs.com\\\/#\\\/schema\\\/person\\\/15aedc247eab7070ee5d76d6d069a821\",\"name\":\"Edici\u00f3n Buenos D\u00edas\",\"image\":{\"@type\":\"ImageObject\",\"inLanguage\":\"es\",\"@id\":\"https:\\\/\\\/buenosdiasbcs.com\\\/wp-content\\\/uploads\\\/2026\\\/01\\\/cropped-sol-96x96.png\",\"url\":\"https:\\\/\\\/buenosdiasbcs.com\\\/wp-content\\\/uploads\\\/2026\\\/01\\\/cropped-sol-96x96.png\",\"contentUrl\":\"https:\\\/\\\/buenosdiasbcs.com\\\/wp-content\\\/uploads\\\/2026\\\/01\\\/cropped-sol-96x96.png\",\"caption\":\"Edici\u00f3n Buenos D\u00edas\"},\"url\":\"https:\\\/\\\/buenosdiasbcs.com\\\/?author=2\"}]}<\/script>\n<!-- \/ Yoast SEO Premium plugin. -->","yoast_head_json":{"title":"* R. ROCHA MOYA AFECTAR\u00c1 MUCHO A SU PARTIDO MORENA EN LO ELECTORAL, EN LO SOCIAL, EN CREDIBILIDAD, Y\u2026MEJOR VOY A ESTOS PENSAMIENTOS DE RELAX. - Buenos D\u00edas BCS","robots":{"index":"index","follow":"follow","max-snippet":"max-snippet:-1","max-image-preview":"max-image-preview:large","max-video-preview":"max-video-preview:-1"},"canonical":"https:\/\/buenosdiasbcs.com\/?p=14826","og_locale":"es_ES","og_type":"article","og_title":"* R. ROCHA MOYA AFECTAR\u00c1 MUCHO A SU PARTIDO MORENA EN LO ELECTORAL, EN LO SOCIAL, EN CREDIBILIDAD, Y\u2026MEJOR VOY A ESTOS PENSAMIENTOS DE RELAX.","og_description":"Se trata de que lo que se sabe seg\u00fan la informaci\u00f3n recabada es esta parte, que ten\u00eda militares al cuidado,...","og_url":"https:\/\/buenosdiasbcs.com\/?p=14826","og_site_name":"Buenos D\u00edas BCS","article_published_time":"2026-08-31T07:37:00+00:00","og_image":[{"width":600,"height":404,"url":"https:\/\/buenosdiasbcs.com\/wp-content\/uploads\/2026\/08\/admin-ajax.php_-4.png","type":"image\/png"}],"author":"Edici\u00f3n Buenos D\u00edas","twitter_card":"summary_large_image","twitter_misc":{"Escrito por":"Edici\u00f3n Buenos D\u00edas","Tiempo de lectura":"5 minutos"},"schema":{"@context":"https:\/\/schema.org","@graph":[{"@type":"Article","@id":"https:\/\/buenosdiasbcs.com\/?p=14826#article","isPartOf":{"@id":"https:\/\/buenosdiasbcs.com\/?p=14826"},"author":{"name":"Edici\u00f3n Buenos D\u00edas","@id":"https:\/\/buenosdiasbcs.com\/#\/schema\/person\/15aedc247eab7070ee5d76d6d069a821"},"headline":"* R. ROCHA MOYA AFECTAR\u00c1 MUCHO A SU PARTIDO MORENA EN LO ELECTORAL, EN LO SOCIAL, EN CREDIBILIDAD, Y\u2026MEJOR VOY A ESTOS PENSAMIENTOS DE RELAX.","datePublished":"2026-08-31T07:37:00+00:00","mainEntityOfPage":{"@id":"https:\/\/buenosdiasbcs.com\/?p=14826"},"wordCount":1014,"commentCount":0,"publisher":{"@id":"https:\/\/buenosdiasbcs.com\/#organization"},"image":{"@id":"https:\/\/buenosdiasbcs.com\/?p=14826#primaryimage"},"thumbnailUrl":"https:\/\/buenosdiasbcs.com\/wp-content\/uploads\/2026\/08\/admin-ajax.php_-4.png","articleSection":["Opini\u00f3n"],"inLanguage":"es","potentialAction":[{"@type":"CommentAction","name":"Comment","target":["https:\/\/buenosdiasbcs.com\/?p=14826#respond"]}]},{"@type":"WebPage","@id":"https:\/\/buenosdiasbcs.com\/?p=14826","url":"https:\/\/buenosdiasbcs.com\/?p=14826","name":"* R. ROCHA MOYA AFECTAR\u00c1 MUCHO A SU PARTIDO MORENA EN LO ELECTORAL, EN LO SOCIAL, EN CREDIBILIDAD, Y\u2026MEJOR VOY A ESTOS PENSAMIENTOS DE RELAX. - Buenos D\u00edas BCS","isPartOf":{"@id":"https:\/\/buenosdiasbcs.com\/#website"},"primaryImageOfPage":{"@id":"https:\/\/buenosdiasbcs.com\/?p=14826#primaryimage"},"image":{"@id":"https:\/\/buenosdiasbcs.com\/?p=14826#primaryimage"},"thumbnailUrl":"https:\/\/buenosdiasbcs.com\/wp-content\/uploads\/2026\/08\/admin-ajax.php_-4.png","datePublished":"2026-08-31T07:37:00+00:00","breadcrumb":{"@id":"https:\/\/buenosdiasbcs.com\/?p=14826#breadcrumb"},"inLanguage":"es","potentialAction":[{"@type":"ReadAction","target":["https:\/\/buenosdiasbcs.com\/?p=14826"]}]},{"@type":"ImageObject","inLanguage":"es","@id":"https:\/\/buenosdiasbcs.com\/?p=14826#primaryimage","url":"https:\/\/buenosdiasbcs.com\/wp-content\/uploads\/2026\/08\/admin-ajax.php_-4.png","contentUrl":"https:\/\/buenosdiasbcs.com\/wp-content\/uploads\/2026\/08\/admin-ajax.php_-4.png","width":600,"height":404},{"@type":"BreadcrumbList","@id":"https:\/\/buenosdiasbcs.com\/?p=14826#breadcrumb","itemListElement":[{"@type":"ListItem","position":1,"name":"Portada","item":"https:\/\/buenosdiasbcs.com\/"},{"@type":"ListItem","position":2,"name":"* R. ROCHA MOYA AFECTAR\u00c1 MUCHO A SU PARTIDO MORENA EN LO ELECTORAL, EN LO SOCIAL, EN CREDIBILIDAD, Y\u2026MEJOR VOY A ESTOS PENSAMIENTOS DE RELAX."}]},{"@type":"WebSite","@id":"https:\/\/buenosdiasbcs.com\/#website","url":"https:\/\/buenosdiasbcs.com\/","name":"Buenos D\u00edas BCS","description":"","publisher":{"@id":"https:\/\/buenosdiasbcs.com\/#organization"},"potentialAction":[{"@type":"SearchAction","target":{"@type":"EntryPoint","urlTemplate":"https:\/\/buenosdiasbcs.com\/?s={search_term_string}"},"query-input":{"@type":"PropertyValueSpecification","valueRequired":true,"valueName":"search_term_string"}}],"inLanguage":"es"},{"@type":"Organization","@id":"https:\/\/buenosdiasbcs.com\/#organization","name":"Buenos D\u00edas BCS","url":"https:\/\/buenosdiasbcs.com\/","logo":{"@type":"ImageObject","inLanguage":"es","@id":"https:\/\/buenosdiasbcs.com\/#\/schema\/logo\/image\/","url":"https:\/\/buenosdiasbcs.com\/wp-content\/uploads\/2026\/01\/logo-buenos-dias-40-01.png","contentUrl":"https:\/\/buenosdiasbcs.com\/wp-content\/uploads\/2026\/01\/logo-buenos-dias-40-01.png","width":277,"height":40,"caption":"Buenos D\u00edas BCS"},"image":{"@id":"https:\/\/buenosdiasbcs.com\/#\/schema\/logo\/image\/"}},{"@type":"Person","@id":"https:\/\/buenosdiasbcs.com\/#\/schema\/person\/15aedc247eab7070ee5d76d6d069a821","name":"Edici\u00f3n Buenos D\u00edas","image":{"@type":"ImageObject","inLanguage":"es","@id":"https:\/\/buenosdiasbcs.com\/wp-content\/uploads\/2026\/01\/cropped-sol-96x96.png","url":"https:\/\/buenosdiasbcs.com\/wp-content\/uploads\/2026\/01\/cropped-sol-96x96.png","contentUrl":"https:\/\/buenosdiasbcs.com\/wp-content\/uploads\/2026\/01\/cropped-sol-96x96.png","caption":"Edici\u00f3n Buenos D\u00edas"},"url":"https:\/\/buenosdiasbcs.com\/?author=2"}]}},"amp_enabled":true,"_links":{"self":[{"href":"https:\/\/buenosdiasbcs.com\/index.php?rest_route=\/wp\/v2\/posts\/14826","targetHints":{"allow":["GET"]}}],"collection":[{"href":"https:\/\/buenosdiasbcs.com\/index.php?rest_route=\/wp\/v2\/posts"}],"about":[{"href":"https:\/\/buenosdiasbcs.com\/index.php?rest_route=\/wp\/v2\/types\/post"}],"author":[{"embeddable":true,"href":"https:\/\/buenosdiasbcs.com\/index.php?rest_route=\/wp\/v2\/users\/2"}],"replies":[{"embeddable":true,"href":"https:\/\/buenosdiasbcs.com\/index.php?rest_route=%2Fwp%2Fv2%2Fcomments&post=14826"}],"version-history":[{"count":1,"href":"https:\/\/buenosdiasbcs.com\/index.php?rest_route=\/wp\/v2\/posts\/14826\/revisions"}],"predecessor-version":[{"id":14828,"href":"https:\/\/buenosdiasbcs.com\/index.php?rest_route=\/wp\/v2\/posts\/14826\/revisions\/14828"}],"wp:featuredmedia":[{"embeddable":true,"href":"https:\/\/buenosdiasbcs.com\/index.php?rest_route=\/wp\/v2\/media\/14827"}],"wp:attachment":[{"href":"https:\/\/buenosdiasbcs.com\/index.php?rest_route=%2Fwp%2Fv2%2Fmedia&parent=14826"}],"wp:term":[{"taxonomy":"category","embeddable":true,"href":"https:\/\/buenosdiasbcs.com\/index.php?rest_route=%2Fwp%2Fv2%2Fcategories&post=14826"},{"taxonomy":"post_tag","embeddable":true,"href":"https:\/\/buenosdiasbcs.com\/index.php?rest_route=%2Fwp%2Fv2%2Ftags&post=14826"}],"curies":[{"name":"wp","href":"https:\/\/api.w.org\/{rel}","templated":true}]}}