{"id":14823,"date":"2026-08-31T00:30:00","date_gmt":"2026-08-31T07:30:00","guid":{"rendered":"https:\/\/buenosdiasbcs.com\/?p=14823"},"modified":"2026-08-30T22:37:03","modified_gmt":"2026-08-31T05:37:03","slug":"hablan-de-campanas-adelantadas-en-bcs-pero-ningun-caso-ha-llegado-al-tribunal-electoral-federal-rebeca-barrera","status":"publish","type":"post","link":"https:\/\/buenosdiasbcs.com\/?p=14823","title":{"rendered":"Hablan de campa\u00f1as adelantadas en BCS, pero ning\u00fan caso ha llegado al Tribunal Electoral federal: Rebeca Barrera"},"content":{"rendered":"\n<p class=\"wp-block-paragraph\">Aunque en Baja California Sur cada vez son m\u00e1s visibles los se\u00f1alamientos sobre&nbsp;<strong>posibles actos anticipados de campa\u00f1a rumbo a 2027<\/strong>, hasta el momento&nbsp;<strong>ning\u00fan caso relacionado con la entidad ha llegado a la Sala Regional Guadalajara del Tribunal Electoral del Poder Judicial de la Federaci\u00f3n (TEPJF)<\/strong>.<\/p>\n\n\n\n<p class=\"wp-block-paragraph\">As\u00ed lo confirm\u00f3 su magistrada presidenta,&nbsp;<strong>Rebeca Barrera Amador<\/strong>, quien se\u00f1al\u00f3 que, a diferencia de Baja California y Sinaloa, donde ya se atienden algunas impugnaciones, en Baja California Sur los asuntos todav\u00eda no han escalado hasta esa instancia federal.<\/p>\n\n\n\n<p class=\"wp-block-paragraph\">La magistrada explic\u00f3 que esto responde, en buena medida, al procedimiento establecido en materia electoral: primero, las denuncias deben ser analizadas por el&nbsp;<strong>Instituto Estatal Electoral de Baja California Sur (IEEBCS)<\/strong>; posteriormente, los expedientes son remitidos al&nbsp;<strong>Tribunal Estatal Electoral (TEE)<\/strong>&nbsp;y, \u00fanicamente en caso de que alguna de las partes impugne la resoluci\u00f3n, el asunto puede llegar a la Sala Regional Guadalajara.<\/p>\n\n\n\n<p class=\"wp-block-paragraph\">Barrera Amador reconoci\u00f3 que la legislaci\u00f3n electoral puede resultar&nbsp;<strong>permisiva en algunos escenarios<\/strong>, por lo que las autoridades est\u00e1n obligadas a resolver los casos conforme a las disposiciones actualmente vigentes.<\/p>\n\n\n\n<p class=\"wp-block-paragraph\">Ante este panorama, consider\u00f3 necesario que en futuras revisiones a la legislaci\u00f3n electoral se analice el contexto pol\u00edtico actual y las sanciones aplicables, particularmente porque&nbsp;<strong>60 d\u00edas de campa\u00f1a podr\u00edan resultar insuficientes para algunos candidatos para darse a conocer ante el electorado durante el proceso oficial<\/strong>.<\/p>\n\n\n\n<p class=\"wp-block-paragraph\">La presidenta de la Sala Regional Guadalajara adelant\u00f3 que entregar\u00e1 al Congreso de la Uni\u00f3n un informe sobre el comportamiento de los procesos electorales en los&nbsp;<strong>ocho estados que integran su jurisdicci\u00f3n<\/strong>, as\u00ed como los principales conflictos y problem\u00e1ticas que llegan a esta instancia.<\/p>\n\n\n\n<p class=\"wp-block-paragraph\">Entre los temas que ser\u00e1n se\u00f1alados como&nbsp;<strong>\u201cfoco rojo\u201d<\/strong>&nbsp;se encuentran precisamente los posibles actos anticipados de campa\u00f1a, cuya presencia podr\u00eda variar entre partidos y aspirantes que busquen participar en la elecci\u00f3n de 2027.<\/p>\n\n\n\n<p class=\"wp-block-paragraph\">\u201c<strong>Quiz\u00e1 estamos viendo un poquito m\u00e1s de movimiento hacia afuera donde no deber\u00eda<\/strong>\u201d, advirti\u00f3 Barrera Amador al referirse a la actividad de quienes aspiran a una candidatura.<\/p>\n\n\n\n<p class=\"wp-block-paragraph\"><\/p>\n","protected":false},"excerpt":{"rendered":"<p>Aunque en Baja California Sur cada vez son m\u00e1s visibles los se\u00f1alamientos sobre&nbsp;posibles actos anticipados de campa\u00f1a rumbo a 2027,&#8230;<\/p>\n","protected":false},"author":2,"featured_media":14824,"comment_status":"open","ping_status":"open","sticky":false,"template":"","format":"standard","meta":{"rs_blank_template":"","rs_page_bg_color":"","slide_template_v7":"","footnotes":""},"categories":[247],"tags":[],"class_list":["post-14823","post","type-post","status-publish","format-standard","has-post-thumbnail","hentry","category-elecciones-2027"],"yoast_head":"<!-- This site is optimized with the Yoast SEO Premium plugin v26.8 (Yoast SEO v28.3) - https:\/\/yoast.com\/product\/yoast-seo-premium-wordpress\/ -->\n<title>Hablan de campa\u00f1as adelantadas en BCS, pero ning\u00fan caso ha llegado al Tribunal Electoral federal: Rebeca Barrera - Buenos D\u00edas BCS<\/title>\n<meta name=\"robots\" content=\"index, follow, max-snippet:-1, max-image-preview:large, max-video-preview:-1\" \/>\n<link rel=\"canonical\" href=\"https:\/\/buenosdiasbcs.com\/?p=14823\" \/>\n<meta property=\"og:locale\" content=\"es_ES\" \/>\n<meta property=\"og:type\" content=\"article\" \/>\n<meta property=\"og:title\" content=\"Hablan de campa\u00f1as adelantadas en BCS, pero ning\u00fan caso ha llegado al Tribunal Electoral federal: Rebeca Barrera\" \/>\n<meta property=\"og:description\" content=\"Aunque en Baja California Sur cada vez son m\u00e1s visibles los se\u00f1alamientos sobre&nbsp;posibles actos anticipados de campa\u00f1a rumbo a 2027,...\" \/>\n<meta property=\"og:url\" content=\"https:\/\/buenosdiasbcs.com\/?p=14823\" \/>\n<meta property=\"og:site_name\" content=\"Buenos D\u00edas BCS\" \/>\n<meta property=\"article:published_time\" content=\"2026-08-31T07:30:00+00:00\" \/>\n<meta property=\"og:image\" content=\"https:\/\/buenosdiasbcs.com\/wp-content\/uploads\/2026\/08\/IEE-Rebeca-Barrera-Amador.jpg\" \/>\n\t<meta property=\"og:image:width\" content=\"1024\" \/>\n\t<meta property=\"og:image:height\" content=\"645\" \/>\n\t<meta property=\"og:image:type\" content=\"image\/jpeg\" \/>\n<meta name=\"author\" content=\"Edici\u00f3n Buenos D\u00edas\" \/>\n<meta name=\"twitter:card\" content=\"summary_large_image\" \/>\n<meta name=\"twitter:label1\" content=\"Escrito por\" \/>\n\t<meta name=\"twitter:data1\" content=\"Edici\u00f3n Buenos D\u00edas\" \/>\n\t<meta name=\"twitter:label2\" content=\"Tiempo de lectura\" \/>\n\t<meta name=\"twitter:data2\" content=\"2 minutos\" \/>\n<script type=\"application\/ld+json\" class=\"yoast-schema-graph\">{\"@context\":\"https:\\\/\\\/schema.org\",\"@graph\":[{\"@type\":\"Article\",\"@id\":\"https:\\\/\\\/buenosdiasbcs.com\\\/?p=14823#article\",\"isPartOf\":{\"@id\":\"https:\\\/\\\/buenosdiasbcs.com\\\/?p=14823\"},\"author\":{\"name\":\"Edici\u00f3n Buenos D\u00edas\",\"@id\":\"https:\\\/\\\/buenosdiasbcs.com\\\/#\\\/schema\\\/person\\\/15aedc247eab7070ee5d76d6d069a821\"},\"headline\":\"Hablan de campa\u00f1as adelantadas en BCS, pero ning\u00fan caso ha llegado al Tribunal Electoral federal: Rebeca Barrera\",\"datePublished\":\"2026-08-31T07:30:00+00:00\",\"mainEntityOfPage\":{\"@id\":\"https:\\\/\\\/buenosdiasbcs.com\\\/?p=14823\"},\"wordCount\":382,\"commentCount\":0,\"publisher\":{\"@id\":\"https:\\\/\\\/buenosdiasbcs.com\\\/#organization\"},\"image\":{\"@id\":\"https:\\\/\\\/buenosdiasbcs.com\\\/?p=14823#primaryimage\"},\"thumbnailUrl\":\"https:\\\/\\\/buenosdiasbcs.com\\\/wp-content\\\/uploads\\\/2026\\\/08\\\/IEE-Rebeca-Barrera-Amador.jpg\",\"articleSection\":[\"Elecciones 2027\"],\"inLanguage\":\"es\",\"potentialAction\":[{\"@type\":\"CommentAction\",\"name\":\"Comment\",\"target\":[\"https:\\\/\\\/buenosdiasbcs.com\\\/?p=14823#respond\"]}]},{\"@type\":\"WebPage\",\"@id\":\"https:\\\/\\\/buenosdiasbcs.com\\\/?p=14823\",\"url\":\"https:\\\/\\\/buenosdiasbcs.com\\\/?p=14823\",\"name\":\"Hablan de campa\u00f1as adelantadas en BCS, pero ning\u00fan caso ha llegado al Tribunal Electoral federal: Rebeca Barrera - Buenos D\u00edas BCS\",\"isPartOf\":{\"@id\":\"https:\\\/\\\/buenosdiasbcs.com\\\/#website\"},\"primaryImageOfPage\":{\"@id\":\"https:\\\/\\\/buenosdiasbcs.com\\\/?p=14823#primaryimage\"},\"image\":{\"@id\":\"https:\\\/\\\/buenosdiasbcs.com\\\/?p=14823#primaryimage\"},\"thumbnailUrl\":\"https:\\\/\\\/buenosdiasbcs.com\\\/wp-content\\\/uploads\\\/2026\\\/08\\\/IEE-Rebeca-Barrera-Amador.jpg\",\"datePublished\":\"2026-08-31T07:30:00+00:00\",\"breadcrumb\":{\"@id\":\"https:\\\/\\\/buenosdiasbcs.com\\\/?p=14823#breadcrumb\"},\"inLanguage\":\"es\",\"potentialAction\":[{\"@type\":\"ReadAction\",\"target\":[\"https:\\\/\\\/buenosdiasbcs.com\\\/?p=14823\"]}]},{\"@type\":\"ImageObject\",\"inLanguage\":\"es\",\"@id\":\"https:\\\/\\\/buenosdiasbcs.com\\\/?p=14823#primaryimage\",\"url\":\"https:\\\/\\\/buenosdiasbcs.com\\\/wp-content\\\/uploads\\\/2026\\\/08\\\/IEE-Rebeca-Barrera-Amador.jpg\",\"contentUrl\":\"https:\\\/\\\/buenosdiasbcs.com\\\/wp-content\\\/uploads\\\/2026\\\/08\\\/IEE-Rebeca-Barrera-Amador.jpg\",\"width\":1024,\"height\":645},{\"@type\":\"BreadcrumbList\",\"@id\":\"https:\\\/\\\/buenosdiasbcs.com\\\/?p=14823#breadcrumb\",\"itemListElement\":[{\"@type\":\"ListItem\",\"position\":1,\"name\":\"Portada\",\"item\":\"https:\\\/\\\/buenosdiasbcs.com\\\/\"},{\"@type\":\"ListItem\",\"position\":2,\"name\":\"Hablan de campa\u00f1as adelantadas en BCS, pero ning\u00fan caso ha llegado al Tribunal Electoral federal: Rebeca Barrera\"}]},{\"@type\":\"WebSite\",\"@id\":\"https:\\\/\\\/buenosdiasbcs.com\\\/#website\",\"url\":\"https:\\\/\\\/buenosdiasbcs.com\\\/\",\"name\":\"Buenos D\u00edas BCS\",\"description\":\"\",\"publisher\":{\"@id\":\"https:\\\/\\\/buenosdiasbcs.com\\\/#organization\"},\"potentialAction\":[{\"@type\":\"SearchAction\",\"target\":{\"@type\":\"EntryPoint\",\"urlTemplate\":\"https:\\\/\\\/buenosdiasbcs.com\\\/?s={search_term_string}\"},\"query-input\":{\"@type\":\"PropertyValueSpecification\",\"valueRequired\":true,\"valueName\":\"search_term_string\"}}],\"inLanguage\":\"es\"},{\"@type\":\"Organization\",\"@id\":\"https:\\\/\\\/buenosdiasbcs.com\\\/#organization\",\"name\":\"Buenos D\u00edas BCS\",\"url\":\"https:\\\/\\\/buenosdiasbcs.com\\\/\",\"logo\":{\"@type\":\"ImageObject\",\"inLanguage\":\"es\",\"@id\":\"https:\\\/\\\/buenosdiasbcs.com\\\/#\\\/schema\\\/logo\\\/image\\\/\",\"url\":\"https:\\\/\\\/buenosdiasbcs.com\\\/wp-content\\\/uploads\\\/2026\\\/01\\\/logo-buenos-dias-40-01.png\",\"contentUrl\":\"https:\\\/\\\/buenosdiasbcs.com\\\/wp-content\\\/uploads\\\/2026\\\/01\\\/logo-buenos-dias-40-01.png\",\"width\":277,\"height\":40,\"caption\":\"Buenos D\u00edas BCS\"},\"image\":{\"@id\":\"https:\\\/\\\/buenosdiasbcs.com\\\/#\\\/schema\\\/logo\\\/image\\\/\"}},{\"@type\":\"Person\",\"@id\":\"https:\\\/\\\/buenosdiasbcs.com\\\/#\\\/schema\\\/person\\\/15aedc247eab7070ee5d76d6d069a821\",\"name\":\"Edici\u00f3n Buenos D\u00edas\",\"image\":{\"@type\":\"ImageObject\",\"inLanguage\":\"es\",\"@id\":\"https:\\\/\\\/buenosdiasbcs.com\\\/wp-content\\\/uploads\\\/2026\\\/01\\\/cropped-sol-96x96.png\",\"url\":\"https:\\\/\\\/buenosdiasbcs.com\\\/wp-content\\\/uploads\\\/2026\\\/01\\\/cropped-sol-96x96.png\",\"contentUrl\":\"https:\\\/\\\/buenosdiasbcs.com\\\/wp-content\\\/uploads\\\/2026\\\/01\\\/cropped-sol-96x96.png\",\"caption\":\"Edici\u00f3n Buenos D\u00edas\"},\"url\":\"https:\\\/\\\/buenosdiasbcs.com\\\/?author=2\"}]}<\/script>\n<!-- \/ Yoast SEO Premium plugin. -->","yoast_head_json":{"title":"Hablan de campa\u00f1as adelantadas en BCS, pero ning\u00fan caso ha llegado al Tribunal Electoral federal: Rebeca Barrera - Buenos D\u00edas BCS","robots":{"index":"index","follow":"follow","max-snippet":"max-snippet:-1","max-image-preview":"max-image-preview:large","max-video-preview":"max-video-preview:-1"},"canonical":"https:\/\/buenosdiasbcs.com\/?p=14823","og_locale":"es_ES","og_type":"article","og_title":"Hablan de campa\u00f1as adelantadas en BCS, pero ning\u00fan caso ha llegado al Tribunal Electoral federal: Rebeca Barrera","og_description":"Aunque en Baja California Sur cada vez son m\u00e1s visibles los se\u00f1alamientos sobre&nbsp;posibles actos anticipados de campa\u00f1a rumbo a 2027,...","og_url":"https:\/\/buenosdiasbcs.com\/?p=14823","og_site_name":"Buenos D\u00edas BCS","article_published_time":"2026-08-31T07:30:00+00:00","og_image":[{"width":1024,"height":645,"url":"https:\/\/buenosdiasbcs.com\/wp-content\/uploads\/2026\/08\/IEE-Rebeca-Barrera-Amador.jpg","type":"image\/jpeg"}],"author":"Edici\u00f3n Buenos D\u00edas","twitter_card":"summary_large_image","twitter_misc":{"Escrito por":"Edici\u00f3n Buenos D\u00edas","Tiempo de lectura":"2 minutos"},"schema":{"@context":"https:\/\/schema.org","@graph":[{"@type":"Article","@id":"https:\/\/buenosdiasbcs.com\/?p=14823#article","isPartOf":{"@id":"https:\/\/buenosdiasbcs.com\/?p=14823"},"author":{"name":"Edici\u00f3n Buenos D\u00edas","@id":"https:\/\/buenosdiasbcs.com\/#\/schema\/person\/15aedc247eab7070ee5d76d6d069a821"},"headline":"Hablan de campa\u00f1as adelantadas en BCS, pero ning\u00fan caso ha llegado al Tribunal Electoral federal: Rebeca Barrera","datePublished":"2026-08-31T07:30:00+00:00","mainEntityOfPage":{"@id":"https:\/\/buenosdiasbcs.com\/?p=14823"},"wordCount":382,"commentCount":0,"publisher":{"@id":"https:\/\/buenosdiasbcs.com\/#organization"},"image":{"@id":"https:\/\/buenosdiasbcs.com\/?p=14823#primaryimage"},"thumbnailUrl":"https:\/\/buenosdiasbcs.com\/wp-content\/uploads\/2026\/08\/IEE-Rebeca-Barrera-Amador.jpg","articleSection":["Elecciones 2027"],"inLanguage":"es","potentialAction":[{"@type":"CommentAction","name":"Comment","target":["https:\/\/buenosdiasbcs.com\/?p=14823#respond"]}]},{"@type":"WebPage","@id":"https:\/\/buenosdiasbcs.com\/?p=14823","url":"https:\/\/buenosdiasbcs.com\/?p=14823","name":"Hablan de campa\u00f1as adelantadas en BCS, pero ning\u00fan caso ha llegado al Tribunal Electoral federal: Rebeca Barrera - Buenos D\u00edas BCS","isPartOf":{"@id":"https:\/\/buenosdiasbcs.com\/#website"},"primaryImageOfPage":{"@id":"https:\/\/buenosdiasbcs.com\/?p=14823#primaryimage"},"image":{"@id":"https:\/\/buenosdiasbcs.com\/?p=14823#primaryimage"},"thumbnailUrl":"https:\/\/buenosdiasbcs.com\/wp-content\/uploads\/2026\/08\/IEE-Rebeca-Barrera-Amador.jpg","datePublished":"2026-08-31T07:30:00+00:00","breadcrumb":{"@id":"https:\/\/buenosdiasbcs.com\/?p=14823#breadcrumb"},"inLanguage":"es","potentialAction":[{"@type":"ReadAction","target":["https:\/\/buenosdiasbcs.com\/?p=14823"]}]},{"@type":"ImageObject","inLanguage":"es","@id":"https:\/\/buenosdiasbcs.com\/?p=14823#primaryimage","url":"https:\/\/buenosdiasbcs.com\/wp-content\/uploads\/2026\/08\/IEE-Rebeca-Barrera-Amador.jpg","contentUrl":"https:\/\/buenosdiasbcs.com\/wp-content\/uploads\/2026\/08\/IEE-Rebeca-Barrera-Amador.jpg","width":1024,"height":645},{"@type":"BreadcrumbList","@id":"https:\/\/buenosdiasbcs.com\/?p=14823#breadcrumb","itemListElement":[{"@type":"ListItem","position":1,"name":"Portada","item":"https:\/\/buenosdiasbcs.com\/"},{"@type":"ListItem","position":2,"name":"Hablan de campa\u00f1as adelantadas en BCS, pero ning\u00fan caso ha llegado al Tribunal Electoral federal: Rebeca Barrera"}]},{"@type":"WebSite","@id":"https:\/\/buenosdiasbcs.com\/#website","url":"https:\/\/buenosdiasbcs.com\/","name":"Buenos D\u00edas BCS","description":"","publisher":{"@id":"https:\/\/buenosdiasbcs.com\/#organization"},"potentialAction":[{"@type":"SearchAction","target":{"@type":"EntryPoint","urlTemplate":"https:\/\/buenosdiasbcs.com\/?s={search_term_string}"},"query-input":{"@type":"PropertyValueSpecification","valueRequired":true,"valueName":"search_term_string"}}],"inLanguage":"es"},{"@type":"Organization","@id":"https:\/\/buenosdiasbcs.com\/#organization","name":"Buenos D\u00edas BCS","url":"https:\/\/buenosdiasbcs.com\/","logo":{"@type":"ImageObject","inLanguage":"es","@id":"https:\/\/buenosdiasbcs.com\/#\/schema\/logo\/image\/","url":"https:\/\/buenosdiasbcs.com\/wp-content\/uploads\/2026\/01\/logo-buenos-dias-40-01.png","contentUrl":"https:\/\/buenosdiasbcs.com\/wp-content\/uploads\/2026\/01\/logo-buenos-dias-40-01.png","width":277,"height":40,"caption":"Buenos D\u00edas BCS"},"image":{"@id":"https:\/\/buenosdiasbcs.com\/#\/schema\/logo\/image\/"}},{"@type":"Person","@id":"https:\/\/buenosdiasbcs.com\/#\/schema\/person\/15aedc247eab7070ee5d76d6d069a821","name":"Edici\u00f3n Buenos D\u00edas","image":{"@type":"ImageObject","inLanguage":"es","@id":"https:\/\/buenosdiasbcs.com\/wp-content\/uploads\/2026\/01\/cropped-sol-96x96.png","url":"https:\/\/buenosdiasbcs.com\/wp-content\/uploads\/2026\/01\/cropped-sol-96x96.png","contentUrl":"https:\/\/buenosdiasbcs.com\/wp-content\/uploads\/2026\/01\/cropped-sol-96x96.png","caption":"Edici\u00f3n Buenos D\u00edas"},"url":"https:\/\/buenosdiasbcs.com\/?author=2"}]}},"amp_enabled":true,"_links":{"self":[{"href":"https:\/\/buenosdiasbcs.com\/index.php?rest_route=\/wp\/v2\/posts\/14823","targetHints":{"allow":["GET"]}}],"collection":[{"href":"https:\/\/buenosdiasbcs.com\/index.php?rest_route=\/wp\/v2\/posts"}],"about":[{"href":"https:\/\/buenosdiasbcs.com\/index.php?rest_route=\/wp\/v2\/types\/post"}],"author":[{"embeddable":true,"href":"https:\/\/buenosdiasbcs.com\/index.php?rest_route=\/wp\/v2\/users\/2"}],"replies":[{"embeddable":true,"href":"https:\/\/buenosdiasbcs.com\/index.php?rest_route=%2Fwp%2Fv2%2Fcomments&post=14823"}],"version-history":[{"count":1,"href":"https:\/\/buenosdiasbcs.com\/index.php?rest_route=\/wp\/v2\/posts\/14823\/revisions"}],"predecessor-version":[{"id":14825,"href":"https:\/\/buenosdiasbcs.com\/index.php?rest_route=\/wp\/v2\/posts\/14823\/revisions\/14825"}],"wp:featuredmedia":[{"embeddable":true,"href":"https:\/\/buenosdiasbcs.com\/index.php?rest_route=\/wp\/v2\/media\/14824"}],"wp:attachment":[{"href":"https:\/\/buenosdiasbcs.com\/index.php?rest_route=%2Fwp%2Fv2%2Fmedia&parent=14823"}],"wp:term":[{"taxonomy":"category","embeddable":true,"href":"https:\/\/buenosdiasbcs.com\/index.php?rest_route=%2Fwp%2Fv2%2Fcategories&post=14823"},{"taxonomy":"post_tag","embeddable":true,"href":"https:\/\/buenosdiasbcs.com\/index.php?rest_route=%2Fwp%2Fv2%2Ftags&post=14823"}],"curies":[{"name":"wp","href":"https:\/\/api.w.org\/{rel}","templated":true}]}}