{"id":14811,"date":"2026-08-31T00:18:00","date_gmt":"2026-08-31T07:18:00","guid":{"rendered":"https:\/\/buenosdiasbcs.com\/?p=14811"},"modified":"2026-08-30T22:22:42","modified_gmt":"2026-08-31T05:22:42","slug":"entraron-a-robar-a-su-casa-y-le-cortaron-el-cabello-con-un-cuchillo","status":"publish","type":"post","link":"https:\/\/buenosdiasbcs.com\/?p=14811","title":{"rendered":"Entraron a robar a su casa y le cortaron el cabello con un cuchillo"},"content":{"rendered":"\n<p class=\"wp-block-paragraph\">Una damita fue v\u00edctima de un robo la madrugada de este s\u00e1bado en una vivienda ubicada en la calle Marea Baja, entre bulevar Santa B\u00e1rbara y Azul Marino, en la pace\u00f1a colonia\u00a0<strong>Miramar<\/strong>\u00a0donde los amantes de lo ajeno, no conforme con robarle sus pertenencias le cortaron el cabello con un cuchillo.<\/p>\n\n\n\n<p class=\"wp-block-paragraph\">Los hechos ocurrieron la madrugada de este s\u00e1bado cuando la mujer se encontraba dormida y escuch\u00f3 que la puerta de acceso a su domicilio era derribada. Tras ingresar, los responsables la sujetaron y le exigieron informaci\u00f3n sobre los objetos de valor que ten\u00eda en la vivienda.<\/p>\n\n\n\n<p class=\"wp-block-paragraph\">Durante el incidente, la mujer fue atada y uno de los agresores utiliz\u00f3 un cuchillo para cortarle el cabello.<\/p>\n\n\n\n<p class=\"wp-block-paragraph\">Posteriormente, las ratas tomaron un tel\u00e9fono iPhone y una computadora port\u00e1til.<\/p>\n\n\n\n<p class=\"wp-block-paragraph\">Entre los bienes sustra\u00eddos tambi\u00e9n se encuentra un autom\u00f3vil<strong>&nbsp;Hyundai Elantra<\/strong>2012, color blanco.<\/p>\n\n\n\n<p class=\"wp-block-paragraph\">La dama permaneci\u00f3 atada dentro de la vivienda hasta que pudo aflojar sus ataduras y solicitar ayuda.<\/p>\n\n\n\n<p class=\"wp-block-paragraph\">Las autoridades solicitaron a la ciudadan\u00eda aportar al 911 datos que permitan localizar el veh\u00edculo&nbsp;<strong>Hyundai Elantra<\/strong>&nbsp;blanco robado del domicilio.<\/p>\n\n\n\n<p class=\"wp-block-paragraph\"><\/p>\n","protected":false},"excerpt":{"rendered":"<p>Una damita fue v\u00edctima de un robo la madrugada de este s\u00e1bado en una vivienda ubicada en la calle Marea&#8230;<\/p>\n","protected":false},"author":2,"featured_media":14812,"comment_status":"open","ping_status":"open","sticky":false,"template":"","format":"standard","meta":{"rs_blank_template":"","rs_page_bg_color":"","slide_template_v7":"","footnotes":""},"categories":[237],"tags":[],"class_list":["post-14811","post","type-post","status-publish","format-standard","has-post-thumbnail","hentry","category-seguridad"],"yoast_head":"<!-- This site is optimized with the Yoast SEO Premium plugin v26.8 (Yoast SEO v28.3) - https:\/\/yoast.com\/product\/yoast-seo-premium-wordpress\/ -->\n<title>Entraron a robar a su casa y le cortaron el cabello con un cuchillo - Buenos D\u00edas BCS<\/title>\n<meta name=\"robots\" content=\"index, follow, max-snippet:-1, max-image-preview:large, max-video-preview:-1\" \/>\n<link rel=\"canonical\" href=\"https:\/\/buenosdiasbcs.com\/?p=14811\" \/>\n<meta property=\"og:locale\" content=\"es_ES\" \/>\n<meta property=\"og:type\" content=\"article\" \/>\n<meta property=\"og:title\" content=\"Entraron a robar a su casa y le cortaron el cabello con un cuchillo\" \/>\n<meta property=\"og:description\" content=\"Una damita fue v\u00edctima de un robo la madrugada de este s\u00e1bado en una vivienda ubicada en la calle Marea...\" \/>\n<meta property=\"og:url\" content=\"https:\/\/buenosdiasbcs.com\/?p=14811\" \/>\n<meta property=\"og:site_name\" content=\"Buenos D\u00edas BCS\" \/>\n<meta property=\"article:published_time\" content=\"2026-08-31T07:18:00+00:00\" \/>\n<meta property=\"og:image\" content=\"https:\/\/buenosdiasbcs.com\/wp-content\/uploads\/2026\/08\/786840445_1523439119817449_1593395837487266177_n.jpg\" \/>\n\t<meta property=\"og:image:width\" content=\"1246\" \/>\n\t<meta property=\"og:image:height\" content=\"826\" \/>\n\t<meta property=\"og:image:type\" content=\"image\/jpeg\" \/>\n<meta name=\"author\" content=\"Edici\u00f3n Buenos D\u00edas\" \/>\n<meta name=\"twitter:card\" content=\"summary_large_image\" \/>\n<meta name=\"twitter:label1\" content=\"Escrito por\" \/>\n\t<meta name=\"twitter:data1\" content=\"Edici\u00f3n Buenos D\u00edas\" \/>\n\t<meta name=\"twitter:label2\" content=\"Tiempo de lectura\" \/>\n\t<meta name=\"twitter:data2\" content=\"2 minutos\" \/>\n<script type=\"application\/ld+json\" class=\"yoast-schema-graph\">{\"@context\":\"https:\\\/\\\/schema.org\",\"@graph\":[{\"@type\":\"Article\",\"@id\":\"https:\\\/\\\/buenosdiasbcs.com\\\/?p=14811#article\",\"isPartOf\":{\"@id\":\"https:\\\/\\\/buenosdiasbcs.com\\\/?p=14811\"},\"author\":{\"name\":\"Edici\u00f3n Buenos D\u00edas\",\"@id\":\"https:\\\/\\\/buenosdiasbcs.com\\\/#\\\/schema\\\/person\\\/15aedc247eab7070ee5d76d6d069a821\"},\"headline\":\"Entraron a robar a su casa y le cortaron el cabello con un cuchillo\",\"datePublished\":\"2026-08-31T07:18:00+00:00\",\"mainEntityOfPage\":{\"@id\":\"https:\\\/\\\/buenosdiasbcs.com\\\/?p=14811\"},\"wordCount\":209,\"commentCount\":0,\"publisher\":{\"@id\":\"https:\\\/\\\/buenosdiasbcs.com\\\/#organization\"},\"image\":{\"@id\":\"https:\\\/\\\/buenosdiasbcs.com\\\/?p=14811#primaryimage\"},\"thumbnailUrl\":\"https:\\\/\\\/buenosdiasbcs.com\\\/wp-content\\\/uploads\\\/2026\\\/08\\\/786840445_1523439119817449_1593395837487266177_n.jpg\",\"articleSection\":[\"Seguridad\"],\"inLanguage\":\"es\",\"potentialAction\":[{\"@type\":\"CommentAction\",\"name\":\"Comment\",\"target\":[\"https:\\\/\\\/buenosdiasbcs.com\\\/?p=14811#respond\"]}]},{\"@type\":\"WebPage\",\"@id\":\"https:\\\/\\\/buenosdiasbcs.com\\\/?p=14811\",\"url\":\"https:\\\/\\\/buenosdiasbcs.com\\\/?p=14811\",\"name\":\"Entraron a robar a su casa y le cortaron el cabello con un cuchillo - Buenos D\u00edas BCS\",\"isPartOf\":{\"@id\":\"https:\\\/\\\/buenosdiasbcs.com\\\/#website\"},\"primaryImageOfPage\":{\"@id\":\"https:\\\/\\\/buenosdiasbcs.com\\\/?p=14811#primaryimage\"},\"image\":{\"@id\":\"https:\\\/\\\/buenosdiasbcs.com\\\/?p=14811#primaryimage\"},\"thumbnailUrl\":\"https:\\\/\\\/buenosdiasbcs.com\\\/wp-content\\\/uploads\\\/2026\\\/08\\\/786840445_1523439119817449_1593395837487266177_n.jpg\",\"datePublished\":\"2026-08-31T07:18:00+00:00\",\"breadcrumb\":{\"@id\":\"https:\\\/\\\/buenosdiasbcs.com\\\/?p=14811#breadcrumb\"},\"inLanguage\":\"es\",\"potentialAction\":[{\"@type\":\"ReadAction\",\"target\":[\"https:\\\/\\\/buenosdiasbcs.com\\\/?p=14811\"]}]},{\"@type\":\"ImageObject\",\"inLanguage\":\"es\",\"@id\":\"https:\\\/\\\/buenosdiasbcs.com\\\/?p=14811#primaryimage\",\"url\":\"https:\\\/\\\/buenosdiasbcs.com\\\/wp-content\\\/uploads\\\/2026\\\/08\\\/786840445_1523439119817449_1593395837487266177_n.jpg\",\"contentUrl\":\"https:\\\/\\\/buenosdiasbcs.com\\\/wp-content\\\/uploads\\\/2026\\\/08\\\/786840445_1523439119817449_1593395837487266177_n.jpg\",\"width\":1246,\"height\":826},{\"@type\":\"BreadcrumbList\",\"@id\":\"https:\\\/\\\/buenosdiasbcs.com\\\/?p=14811#breadcrumb\",\"itemListElement\":[{\"@type\":\"ListItem\",\"position\":1,\"name\":\"Portada\",\"item\":\"https:\\\/\\\/buenosdiasbcs.com\\\/\"},{\"@type\":\"ListItem\",\"position\":2,\"name\":\"Entraron a robar a su casa y le cortaron el cabello con un cuchillo\"}]},{\"@type\":\"WebSite\",\"@id\":\"https:\\\/\\\/buenosdiasbcs.com\\\/#website\",\"url\":\"https:\\\/\\\/buenosdiasbcs.com\\\/\",\"name\":\"Buenos D\u00edas BCS\",\"description\":\"\",\"publisher\":{\"@id\":\"https:\\\/\\\/buenosdiasbcs.com\\\/#organization\"},\"potentialAction\":[{\"@type\":\"SearchAction\",\"target\":{\"@type\":\"EntryPoint\",\"urlTemplate\":\"https:\\\/\\\/buenosdiasbcs.com\\\/?s={search_term_string}\"},\"query-input\":{\"@type\":\"PropertyValueSpecification\",\"valueRequired\":true,\"valueName\":\"search_term_string\"}}],\"inLanguage\":\"es\"},{\"@type\":\"Organization\",\"@id\":\"https:\\\/\\\/buenosdiasbcs.com\\\/#organization\",\"name\":\"Buenos D\u00edas BCS\",\"url\":\"https:\\\/\\\/buenosdiasbcs.com\\\/\",\"logo\":{\"@type\":\"ImageObject\",\"inLanguage\":\"es\",\"@id\":\"https:\\\/\\\/buenosdiasbcs.com\\\/#\\\/schema\\\/logo\\\/image\\\/\",\"url\":\"https:\\\/\\\/buenosdiasbcs.com\\\/wp-content\\\/uploads\\\/2026\\\/01\\\/logo-buenos-dias-40-01.png\",\"contentUrl\":\"https:\\\/\\\/buenosdiasbcs.com\\\/wp-content\\\/uploads\\\/2026\\\/01\\\/logo-buenos-dias-40-01.png\",\"width\":277,\"height\":40,\"caption\":\"Buenos D\u00edas BCS\"},\"image\":{\"@id\":\"https:\\\/\\\/buenosdiasbcs.com\\\/#\\\/schema\\\/logo\\\/image\\\/\"}},{\"@type\":\"Person\",\"@id\":\"https:\\\/\\\/buenosdiasbcs.com\\\/#\\\/schema\\\/person\\\/15aedc247eab7070ee5d76d6d069a821\",\"name\":\"Edici\u00f3n Buenos D\u00edas\",\"image\":{\"@type\":\"ImageObject\",\"inLanguage\":\"es\",\"@id\":\"https:\\\/\\\/buenosdiasbcs.com\\\/wp-content\\\/uploads\\\/2026\\\/01\\\/cropped-sol-96x96.png\",\"url\":\"https:\\\/\\\/buenosdiasbcs.com\\\/wp-content\\\/uploads\\\/2026\\\/01\\\/cropped-sol-96x96.png\",\"contentUrl\":\"https:\\\/\\\/buenosdiasbcs.com\\\/wp-content\\\/uploads\\\/2026\\\/01\\\/cropped-sol-96x96.png\",\"caption\":\"Edici\u00f3n Buenos D\u00edas\"},\"url\":\"https:\\\/\\\/buenosdiasbcs.com\\\/?author=2\"}]}<\/script>\n<!-- \/ Yoast SEO Premium plugin. -->","yoast_head_json":{"title":"Entraron a robar a su casa y le cortaron el cabello con un cuchillo - Buenos D\u00edas BCS","robots":{"index":"index","follow":"follow","max-snippet":"max-snippet:-1","max-image-preview":"max-image-preview:large","max-video-preview":"max-video-preview:-1"},"canonical":"https:\/\/buenosdiasbcs.com\/?p=14811","og_locale":"es_ES","og_type":"article","og_title":"Entraron a robar a su casa y le cortaron el cabello con un cuchillo","og_description":"Una damita fue v\u00edctima de un robo la madrugada de este s\u00e1bado en una vivienda ubicada en la calle Marea...","og_url":"https:\/\/buenosdiasbcs.com\/?p=14811","og_site_name":"Buenos D\u00edas BCS","article_published_time":"2026-08-31T07:18:00+00:00","og_image":[{"width":1246,"height":826,"url":"https:\/\/buenosdiasbcs.com\/wp-content\/uploads\/2026\/08\/786840445_1523439119817449_1593395837487266177_n.jpg","type":"image\/jpeg"}],"author":"Edici\u00f3n Buenos D\u00edas","twitter_card":"summary_large_image","twitter_misc":{"Escrito por":"Edici\u00f3n Buenos D\u00edas","Tiempo de lectura":"2 minutos"},"schema":{"@context":"https:\/\/schema.org","@graph":[{"@type":"Article","@id":"https:\/\/buenosdiasbcs.com\/?p=14811#article","isPartOf":{"@id":"https:\/\/buenosdiasbcs.com\/?p=14811"},"author":{"name":"Edici\u00f3n Buenos D\u00edas","@id":"https:\/\/buenosdiasbcs.com\/#\/schema\/person\/15aedc247eab7070ee5d76d6d069a821"},"headline":"Entraron a robar a su casa y le cortaron el cabello con un cuchillo","datePublished":"2026-08-31T07:18:00+00:00","mainEntityOfPage":{"@id":"https:\/\/buenosdiasbcs.com\/?p=14811"},"wordCount":209,"commentCount":0,"publisher":{"@id":"https:\/\/buenosdiasbcs.com\/#organization"},"image":{"@id":"https:\/\/buenosdiasbcs.com\/?p=14811#primaryimage"},"thumbnailUrl":"https:\/\/buenosdiasbcs.com\/wp-content\/uploads\/2026\/08\/786840445_1523439119817449_1593395837487266177_n.jpg","articleSection":["Seguridad"],"inLanguage":"es","potentialAction":[{"@type":"CommentAction","name":"Comment","target":["https:\/\/buenosdiasbcs.com\/?p=14811#respond"]}]},{"@type":"WebPage","@id":"https:\/\/buenosdiasbcs.com\/?p=14811","url":"https:\/\/buenosdiasbcs.com\/?p=14811","name":"Entraron a robar a su casa y le cortaron el cabello con un cuchillo - Buenos D\u00edas BCS","isPartOf":{"@id":"https:\/\/buenosdiasbcs.com\/#website"},"primaryImageOfPage":{"@id":"https:\/\/buenosdiasbcs.com\/?p=14811#primaryimage"},"image":{"@id":"https:\/\/buenosdiasbcs.com\/?p=14811#primaryimage"},"thumbnailUrl":"https:\/\/buenosdiasbcs.com\/wp-content\/uploads\/2026\/08\/786840445_1523439119817449_1593395837487266177_n.jpg","datePublished":"2026-08-31T07:18:00+00:00","breadcrumb":{"@id":"https:\/\/buenosdiasbcs.com\/?p=14811#breadcrumb"},"inLanguage":"es","potentialAction":[{"@type":"ReadAction","target":["https:\/\/buenosdiasbcs.com\/?p=14811"]}]},{"@type":"ImageObject","inLanguage":"es","@id":"https:\/\/buenosdiasbcs.com\/?p=14811#primaryimage","url":"https:\/\/buenosdiasbcs.com\/wp-content\/uploads\/2026\/08\/786840445_1523439119817449_1593395837487266177_n.jpg","contentUrl":"https:\/\/buenosdiasbcs.com\/wp-content\/uploads\/2026\/08\/786840445_1523439119817449_1593395837487266177_n.jpg","width":1246,"height":826},{"@type":"BreadcrumbList","@id":"https:\/\/buenosdiasbcs.com\/?p=14811#breadcrumb","itemListElement":[{"@type":"ListItem","position":1,"name":"Portada","item":"https:\/\/buenosdiasbcs.com\/"},{"@type":"ListItem","position":2,"name":"Entraron a robar a su casa y le cortaron el cabello con un cuchillo"}]},{"@type":"WebSite","@id":"https:\/\/buenosdiasbcs.com\/#website","url":"https:\/\/buenosdiasbcs.com\/","name":"Buenos D\u00edas BCS","description":"","publisher":{"@id":"https:\/\/buenosdiasbcs.com\/#organization"},"potentialAction":[{"@type":"SearchAction","target":{"@type":"EntryPoint","urlTemplate":"https:\/\/buenosdiasbcs.com\/?s={search_term_string}"},"query-input":{"@type":"PropertyValueSpecification","valueRequired":true,"valueName":"search_term_string"}}],"inLanguage":"es"},{"@type":"Organization","@id":"https:\/\/buenosdiasbcs.com\/#organization","name":"Buenos D\u00edas BCS","url":"https:\/\/buenosdiasbcs.com\/","logo":{"@type":"ImageObject","inLanguage":"es","@id":"https:\/\/buenosdiasbcs.com\/#\/schema\/logo\/image\/","url":"https:\/\/buenosdiasbcs.com\/wp-content\/uploads\/2026\/01\/logo-buenos-dias-40-01.png","contentUrl":"https:\/\/buenosdiasbcs.com\/wp-content\/uploads\/2026\/01\/logo-buenos-dias-40-01.png","width":277,"height":40,"caption":"Buenos D\u00edas BCS"},"image":{"@id":"https:\/\/buenosdiasbcs.com\/#\/schema\/logo\/image\/"}},{"@type":"Person","@id":"https:\/\/buenosdiasbcs.com\/#\/schema\/person\/15aedc247eab7070ee5d76d6d069a821","name":"Edici\u00f3n Buenos D\u00edas","image":{"@type":"ImageObject","inLanguage":"es","@id":"https:\/\/buenosdiasbcs.com\/wp-content\/uploads\/2026\/01\/cropped-sol-96x96.png","url":"https:\/\/buenosdiasbcs.com\/wp-content\/uploads\/2026\/01\/cropped-sol-96x96.png","contentUrl":"https:\/\/buenosdiasbcs.com\/wp-content\/uploads\/2026\/01\/cropped-sol-96x96.png","caption":"Edici\u00f3n Buenos D\u00edas"},"url":"https:\/\/buenosdiasbcs.com\/?author=2"}]}},"amp_enabled":true,"_links":{"self":[{"href":"https:\/\/buenosdiasbcs.com\/index.php?rest_route=\/wp\/v2\/posts\/14811","targetHints":{"allow":["GET"]}}],"collection":[{"href":"https:\/\/buenosdiasbcs.com\/index.php?rest_route=\/wp\/v2\/posts"}],"about":[{"href":"https:\/\/buenosdiasbcs.com\/index.php?rest_route=\/wp\/v2\/types\/post"}],"author":[{"embeddable":true,"href":"https:\/\/buenosdiasbcs.com\/index.php?rest_route=\/wp\/v2\/users\/2"}],"replies":[{"embeddable":true,"href":"https:\/\/buenosdiasbcs.com\/index.php?rest_route=%2Fwp%2Fv2%2Fcomments&post=14811"}],"version-history":[{"count":1,"href":"https:\/\/buenosdiasbcs.com\/index.php?rest_route=\/wp\/v2\/posts\/14811\/revisions"}],"predecessor-version":[{"id":14813,"href":"https:\/\/buenosdiasbcs.com\/index.php?rest_route=\/wp\/v2\/posts\/14811\/revisions\/14813"}],"wp:featuredmedia":[{"embeddable":true,"href":"https:\/\/buenosdiasbcs.com\/index.php?rest_route=\/wp\/v2\/media\/14812"}],"wp:attachment":[{"href":"https:\/\/buenosdiasbcs.com\/index.php?rest_route=%2Fwp%2Fv2%2Fmedia&parent=14811"}],"wp:term":[{"taxonomy":"category","embeddable":true,"href":"https:\/\/buenosdiasbcs.com\/index.php?rest_route=%2Fwp%2Fv2%2Fcategories&post=14811"},{"taxonomy":"post_tag","embeddable":true,"href":"https:\/\/buenosdiasbcs.com\/index.php?rest_route=%2Fwp%2Fv2%2Ftags&post=14811"}],"curies":[{"name":"wp","href":"https:\/\/api.w.org\/{rel}","templated":true}]}}