{"id":14805,"date":"2026-08-31T00:09:00","date_gmt":"2026-08-31T07:09:00","guid":{"rendered":"https:\/\/buenosdiasbcs.com\/?p=14805"},"modified":"2026-08-30T22:14:55","modified_gmt":"2026-08-31T05:14:55","slug":"proyectan-desarrollo-turistico-residencial-de-26-8-hectareas-en-el-sargento","status":"publish","type":"post","link":"https:\/\/buenosdiasbcs.com\/?p=14805","title":{"rendered":"Proyectan desarrollo tur\u00edstico-residencial de 26.8 hect\u00e1reas en El Sargento"},"content":{"rendered":"\n<p class=\"wp-block-paragraph\">Un desarrollo tur\u00edstico-residencial proyectado para El Sargento, municipio de La Paz, ingres\u00f3 al procedimiento de evaluaci\u00f3n ambiental ante la&nbsp;<strong>Secretar\u00eda de Medio Ambiente y Recursos Naturales (SEMARNAT)<\/strong>, iniciativa que contempla intervenir un predio de 268 mil 825.16 metros cuadrados, equivalentes a 26.88 hect\u00e1reas, mediante la lotificaci\u00f3n y urbanizaci\u00f3n gradual del terreno.<\/p>\n\n\n\n<p class=\"wp-block-paragraph\">La solicitud aparece en la&nbsp;<strong>Gaceta Ecol\u00f3gica de SEMARNAT<\/strong>&nbsp;publicada el 27 de agosto de 2026, bajo la clave 03BS2026TD051 promovida por&nbsp;<strong>Conciencia Ambiental Devangari A. C.<\/strong><\/p>\n\n\n\n<p class=\"wp-block-paragraph\">La&nbsp;<strong>Manifestaci\u00f3n de Impacto Ambiental (MIA)<\/strong>&nbsp;establece que el proyecto se localizar\u00eda aproximadamente a 50 kil\u00f3metros al sureste de La Paz y a 2 kil\u00f3metros al norte de La Ventana, con acceso por la carretera estatal 286.<\/p>\n\n\n\n<p class=\"wp-block-paragraph\">La propuesta considera 16 lotes residenciales y 24 villas destinadas a hospedaje temporal, adem\u00e1s de espacios para actividades de bienestar, arte y recreaci\u00f3n. Tambi\u00e9n contempla vialidades, senderos, \u00e1reas comunes, infraestructura hidr\u00e1ulica y sanitaria, as\u00ed como sistemas de generaci\u00f3n de energ\u00eda mediante paneles solares. La inversi\u00f3n estimada para el desarrollo asciende a 250.1 millones de pesos.<\/p>\n\n\n\n<p class=\"wp-block-paragraph\">Entre los aspectos que deber\u00e1n ser evaluados se encuentra la remoci\u00f3n de vegetaci\u00f3n. La MIA se\u00f1ala que ser\u00edan intervenidos 45 mil 143.6 metros cuadrados de matorral sarcocaule, superficie equivalente a 4.51 hect\u00e1reas y al 16.8 por ciento de la cobertura vegetal existente dentro del predio.<\/p>\n\n\n\n<p class=\"wp-block-paragraph\">Para realizar esta intervenci\u00f3n, el proyecto solicita autorizaci\u00f3n de cambio de uso de suelo en terrenos forestales.<\/p>\n\n\n\n<p class=\"wp-block-paragraph\">El predio colinda con dos arroyos intermitentes y con el Golfo de California. La documentaci\u00f3n presentada sostiene que las construcciones se ubicar\u00edan fuera de los cauces y de las zonas identificadas como inundables.<\/p>\n\n\n\n<p class=\"wp-block-paragraph\">El estudio tambi\u00e9n considera la presencia de tortugas marinas en la playa cercana y plantea medidas relacionadas con la iluminaci\u00f3n y el tr\u00e1nsito en las zonas donde puedan registrarse actividades de anidaci\u00f3n.<\/p>\n\n\n\n<figure class=\"wp-block-image\"><img decoding=\"async\" data-src=\"https:\/\/peninsulardigital.com\/wp-content\/uploads\/2026\/08\/300826_MIA-750x375.webp\" alt=\"Gaceta Ecologica SEMARNAT\" src=\"data:image\/svg+xml;base64,PHN2ZyB3aWR0aD0iMSIgaGVpZ2h0PSIxIiB4bWxucz0iaHR0cDovL3d3dy53My5vcmcvMjAwMC9zdmciPjwvc3ZnPg==\" class=\"lazyload\" style=\"--smush-placeholder-width: 750px; --smush-placeholder-aspect-ratio: 750\/375;\" \/><\/figure>\n\n\n\n<p class=\"wp-block-paragraph\">En materia de servicios, el proyecto plantea abastecerse de agua mediante pipas provenientes de proveedores autorizados y no contempla la extracci\u00f3n de agua subterr\u00e1nea dentro del terreno. Para las aguas residuales se propone la instalaci\u00f3n de biodigestores, mientras que el sistema fotovoltaico tendr\u00eda una capacidad estimada de 70.63 kWp y una generaci\u00f3n anual calculada en aproximadamente 109.5 MWh.<\/p>\n\n\n\n<p class=\"wp-block-paragraph\">La iniciativa prev\u00e9 destinar alrededor de 16 millones de pesos a acciones de prevenci\u00f3n, mitigaci\u00f3n, restauraci\u00f3n y seguimiento ambiental.<\/p>\n\n\n\n<p class=\"wp-block-paragraph\">La MIA reconoce que la ejecuci\u00f3n del proyecto implicar\u00eda cambios en el paisaje, remoci\u00f3n de cobertura vegetal y modificaciones temporales en las condiciones de la fauna silvestre. La autorizaci\u00f3n ambiental deber\u00e1 determinar las condiciones bajo las cuales podr\u00eda realizarse la intervenci\u00f3n del predio.<\/p>\n\n\n\n<p class=\"wp-block-paragraph\"><\/p>\n","protected":false},"excerpt":{"rendered":"<p>Un desarrollo tur\u00edstico-residencial proyectado para El Sargento, municipio de La Paz, ingres\u00f3 al procedimiento de evaluaci\u00f3n ambiental ante la&nbsp;Secretar\u00eda de&#8230;<\/p>\n","protected":false},"author":2,"featured_media":14806,"comment_status":"open","ping_status":"open","sticky":false,"template":"","format":"standard","meta":{"rs_blank_template":"","rs_page_bg_color":"","slide_template_v7":"","footnotes":""},"categories":[244],"tags":[],"class_list":["post-14805","post","type-post","status-publish","format-standard","has-post-thumbnail","hentry","category-turismo"],"yoast_head":"<!-- This site is optimized with the Yoast SEO Premium plugin v26.8 (Yoast SEO v28.3) - https:\/\/yoast.com\/product\/yoast-seo-premium-wordpress\/ -->\n<title>Proyectan desarrollo tur\u00edstico-residencial de 26.8 hect\u00e1reas en El Sargento - Buenos D\u00edas BCS<\/title>\n<meta name=\"robots\" content=\"index, follow, max-snippet:-1, max-image-preview:large, max-video-preview:-1\" \/>\n<link rel=\"canonical\" href=\"https:\/\/buenosdiasbcs.com\/?p=14805\" \/>\n<meta property=\"og:locale\" content=\"es_ES\" \/>\n<meta property=\"og:type\" content=\"article\" \/>\n<meta property=\"og:title\" content=\"Proyectan desarrollo tur\u00edstico-residencial de 26.8 hect\u00e1reas en El Sargento\" \/>\n<meta property=\"og:description\" content=\"Un desarrollo tur\u00edstico-residencial proyectado para El Sargento, municipio de La Paz, ingres\u00f3 al procedimiento de evaluaci\u00f3n ambiental ante la&nbsp;Secretar\u00eda de...\" \/>\n<meta property=\"og:url\" content=\"https:\/\/buenosdiasbcs.com\/?p=14805\" \/>\n<meta property=\"og:site_name\" content=\"Buenos D\u00edas BCS\" \/>\n<meta property=\"article:published_time\" content=\"2026-08-31T07:09:00+00:00\" \/>\n<meta name=\"author\" content=\"Edici\u00f3n Buenos D\u00edas\" \/>\n<meta name=\"twitter:card\" content=\"summary_large_image\" \/>\n<meta name=\"twitter:label1\" content=\"Escrito por\" \/>\n\t<meta name=\"twitter:data1\" content=\"Edici\u00f3n Buenos D\u00edas\" \/>\n\t<meta name=\"twitter:label2\" content=\"Tiempo de lectura\" \/>\n\t<meta name=\"twitter:data2\" content=\"3 minutos\" \/>\n<script type=\"application\/ld+json\" class=\"yoast-schema-graph\">{\"@context\":\"https:\\\/\\\/schema.org\",\"@graph\":[{\"@type\":\"Article\",\"@id\":\"https:\\\/\\\/buenosdiasbcs.com\\\/?p=14805#article\",\"isPartOf\":{\"@id\":\"https:\\\/\\\/buenosdiasbcs.com\\\/?p=14805\"},\"author\":{\"name\":\"Edici\u00f3n Buenos D\u00edas\",\"@id\":\"https:\\\/\\\/buenosdiasbcs.com\\\/#\\\/schema\\\/person\\\/15aedc247eab7070ee5d76d6d069a821\"},\"headline\":\"Proyectan desarrollo tur\u00edstico-residencial de 26.8 hect\u00e1reas en El Sargento\",\"datePublished\":\"2026-08-31T07:09:00+00:00\",\"mainEntityOfPage\":{\"@id\":\"https:\\\/\\\/buenosdiasbcs.com\\\/?p=14805\"},\"wordCount\":462,\"commentCount\":0,\"publisher\":{\"@id\":\"https:\\\/\\\/buenosdiasbcs.com\\\/#organization\"},\"image\":{\"@id\":\"https:\\\/\\\/buenosdiasbcs.com\\\/?p=14805#primaryimage\"},\"thumbnailUrl\":\"https:\\\/\\\/buenosdiasbcs.com\\\/wp-content\\\/uploads\\\/2026\\\/08\\\/premium_photo-1754337605500-74c37b5661c7-scaled.avif\",\"articleSection\":[\"Turismo\"],\"inLanguage\":\"es\",\"potentialAction\":[{\"@type\":\"CommentAction\",\"name\":\"Comment\",\"target\":[\"https:\\\/\\\/buenosdiasbcs.com\\\/?p=14805#respond\"]}]},{\"@type\":\"WebPage\",\"@id\":\"https:\\\/\\\/buenosdiasbcs.com\\\/?p=14805\",\"url\":\"https:\\\/\\\/buenosdiasbcs.com\\\/?p=14805\",\"name\":\"Proyectan desarrollo tur\u00edstico-residencial de 26.8 hect\u00e1reas en El Sargento - Buenos D\u00edas BCS\",\"isPartOf\":{\"@id\":\"https:\\\/\\\/buenosdiasbcs.com\\\/#website\"},\"primaryImageOfPage\":{\"@id\":\"https:\\\/\\\/buenosdiasbcs.com\\\/?p=14805#primaryimage\"},\"image\":{\"@id\":\"https:\\\/\\\/buenosdiasbcs.com\\\/?p=14805#primaryimage\"},\"thumbnailUrl\":\"https:\\\/\\\/buenosdiasbcs.com\\\/wp-content\\\/uploads\\\/2026\\\/08\\\/premium_photo-1754337605500-74c37b5661c7-scaled.avif\",\"datePublished\":\"2026-08-31T07:09:00+00:00\",\"breadcrumb\":{\"@id\":\"https:\\\/\\\/buenosdiasbcs.com\\\/?p=14805#breadcrumb\"},\"inLanguage\":\"es\",\"potentialAction\":[{\"@type\":\"ReadAction\",\"target\":[\"https:\\\/\\\/buenosdiasbcs.com\\\/?p=14805\"]}]},{\"@type\":\"ImageObject\",\"inLanguage\":\"es\",\"@id\":\"https:\\\/\\\/buenosdiasbcs.com\\\/?p=14805#primaryimage\",\"url\":\"https:\\\/\\\/buenosdiasbcs.com\\\/wp-content\\\/uploads\\\/2026\\\/08\\\/premium_photo-1754337605500-74c37b5661c7-scaled.avif\",\"contentUrl\":\"https:\\\/\\\/buenosdiasbcs.com\\\/wp-content\\\/uploads\\\/2026\\\/08\\\/premium_photo-1754337605500-74c37b5661c7-scaled.avif\",\"width\":2560,\"height\":1708},{\"@type\":\"BreadcrumbList\",\"@id\":\"https:\\\/\\\/buenosdiasbcs.com\\\/?p=14805#breadcrumb\",\"itemListElement\":[{\"@type\":\"ListItem\",\"position\":1,\"name\":\"Portada\",\"item\":\"https:\\\/\\\/buenosdiasbcs.com\\\/\"},{\"@type\":\"ListItem\",\"position\":2,\"name\":\"Proyectan desarrollo tur\u00edstico-residencial de 26.8 hect\u00e1reas en El Sargento\"}]},{\"@type\":\"WebSite\",\"@id\":\"https:\\\/\\\/buenosdiasbcs.com\\\/#website\",\"url\":\"https:\\\/\\\/buenosdiasbcs.com\\\/\",\"name\":\"Buenos D\u00edas BCS\",\"description\":\"\",\"publisher\":{\"@id\":\"https:\\\/\\\/buenosdiasbcs.com\\\/#organization\"},\"potentialAction\":[{\"@type\":\"SearchAction\",\"target\":{\"@type\":\"EntryPoint\",\"urlTemplate\":\"https:\\\/\\\/buenosdiasbcs.com\\\/?s={search_term_string}\"},\"query-input\":{\"@type\":\"PropertyValueSpecification\",\"valueRequired\":true,\"valueName\":\"search_term_string\"}}],\"inLanguage\":\"es\"},{\"@type\":\"Organization\",\"@id\":\"https:\\\/\\\/buenosdiasbcs.com\\\/#organization\",\"name\":\"Buenos D\u00edas BCS\",\"url\":\"https:\\\/\\\/buenosdiasbcs.com\\\/\",\"logo\":{\"@type\":\"ImageObject\",\"inLanguage\":\"es\",\"@id\":\"https:\\\/\\\/buenosdiasbcs.com\\\/#\\\/schema\\\/logo\\\/image\\\/\",\"url\":\"https:\\\/\\\/buenosdiasbcs.com\\\/wp-content\\\/uploads\\\/2026\\\/01\\\/logo-buenos-dias-40-01.png\",\"contentUrl\":\"https:\\\/\\\/buenosdiasbcs.com\\\/wp-content\\\/uploads\\\/2026\\\/01\\\/logo-buenos-dias-40-01.png\",\"width\":277,\"height\":40,\"caption\":\"Buenos D\u00edas BCS\"},\"image\":{\"@id\":\"https:\\\/\\\/buenosdiasbcs.com\\\/#\\\/schema\\\/logo\\\/image\\\/\"}},{\"@type\":\"Person\",\"@id\":\"https:\\\/\\\/buenosdiasbcs.com\\\/#\\\/schema\\\/person\\\/15aedc247eab7070ee5d76d6d069a821\",\"name\":\"Edici\u00f3n Buenos D\u00edas\",\"image\":{\"@type\":\"ImageObject\",\"inLanguage\":\"es\",\"@id\":\"https:\\\/\\\/buenosdiasbcs.com\\\/wp-content\\\/uploads\\\/2026\\\/01\\\/cropped-sol-96x96.png\",\"url\":\"https:\\\/\\\/buenosdiasbcs.com\\\/wp-content\\\/uploads\\\/2026\\\/01\\\/cropped-sol-96x96.png\",\"contentUrl\":\"https:\\\/\\\/buenosdiasbcs.com\\\/wp-content\\\/uploads\\\/2026\\\/01\\\/cropped-sol-96x96.png\",\"caption\":\"Edici\u00f3n Buenos D\u00edas\"},\"url\":\"https:\\\/\\\/buenosdiasbcs.com\\\/?author=2\"}]}<\/script>\n<!-- \/ Yoast SEO Premium plugin. -->","yoast_head_json":{"title":"Proyectan desarrollo tur\u00edstico-residencial de 26.8 hect\u00e1reas en El Sargento - Buenos D\u00edas BCS","robots":{"index":"index","follow":"follow","max-snippet":"max-snippet:-1","max-image-preview":"max-image-preview:large","max-video-preview":"max-video-preview:-1"},"canonical":"https:\/\/buenosdiasbcs.com\/?p=14805","og_locale":"es_ES","og_type":"article","og_title":"Proyectan desarrollo tur\u00edstico-residencial de 26.8 hect\u00e1reas en El Sargento","og_description":"Un desarrollo tur\u00edstico-residencial proyectado para El Sargento, municipio de La Paz, ingres\u00f3 al procedimiento de evaluaci\u00f3n ambiental ante la&nbsp;Secretar\u00eda de...","og_url":"https:\/\/buenosdiasbcs.com\/?p=14805","og_site_name":"Buenos D\u00edas BCS","article_published_time":"2026-08-31T07:09:00+00:00","author":"Edici\u00f3n Buenos D\u00edas","twitter_card":"summary_large_image","twitter_misc":{"Escrito por":"Edici\u00f3n Buenos D\u00edas","Tiempo de lectura":"3 minutos"},"schema":{"@context":"https:\/\/schema.org","@graph":[{"@type":"Article","@id":"https:\/\/buenosdiasbcs.com\/?p=14805#article","isPartOf":{"@id":"https:\/\/buenosdiasbcs.com\/?p=14805"},"author":{"name":"Edici\u00f3n Buenos D\u00edas","@id":"https:\/\/buenosdiasbcs.com\/#\/schema\/person\/15aedc247eab7070ee5d76d6d069a821"},"headline":"Proyectan desarrollo tur\u00edstico-residencial de 26.8 hect\u00e1reas en El Sargento","datePublished":"2026-08-31T07:09:00+00:00","mainEntityOfPage":{"@id":"https:\/\/buenosdiasbcs.com\/?p=14805"},"wordCount":462,"commentCount":0,"publisher":{"@id":"https:\/\/buenosdiasbcs.com\/#organization"},"image":{"@id":"https:\/\/buenosdiasbcs.com\/?p=14805#primaryimage"},"thumbnailUrl":"https:\/\/buenosdiasbcs.com\/wp-content\/uploads\/2026\/08\/premium_photo-1754337605500-74c37b5661c7-scaled.avif","articleSection":["Turismo"],"inLanguage":"es","potentialAction":[{"@type":"CommentAction","name":"Comment","target":["https:\/\/buenosdiasbcs.com\/?p=14805#respond"]}]},{"@type":"WebPage","@id":"https:\/\/buenosdiasbcs.com\/?p=14805","url":"https:\/\/buenosdiasbcs.com\/?p=14805","name":"Proyectan desarrollo tur\u00edstico-residencial de 26.8 hect\u00e1reas en El Sargento - Buenos D\u00edas BCS","isPartOf":{"@id":"https:\/\/buenosdiasbcs.com\/#website"},"primaryImageOfPage":{"@id":"https:\/\/buenosdiasbcs.com\/?p=14805#primaryimage"},"image":{"@id":"https:\/\/buenosdiasbcs.com\/?p=14805#primaryimage"},"thumbnailUrl":"https:\/\/buenosdiasbcs.com\/wp-content\/uploads\/2026\/08\/premium_photo-1754337605500-74c37b5661c7-scaled.avif","datePublished":"2026-08-31T07:09:00+00:00","breadcrumb":{"@id":"https:\/\/buenosdiasbcs.com\/?p=14805#breadcrumb"},"inLanguage":"es","potentialAction":[{"@type":"ReadAction","target":["https:\/\/buenosdiasbcs.com\/?p=14805"]}]},{"@type":"ImageObject","inLanguage":"es","@id":"https:\/\/buenosdiasbcs.com\/?p=14805#primaryimage","url":"https:\/\/buenosdiasbcs.com\/wp-content\/uploads\/2026\/08\/premium_photo-1754337605500-74c37b5661c7-scaled.avif","contentUrl":"https:\/\/buenosdiasbcs.com\/wp-content\/uploads\/2026\/08\/premium_photo-1754337605500-74c37b5661c7-scaled.avif","width":2560,"height":1708},{"@type":"BreadcrumbList","@id":"https:\/\/buenosdiasbcs.com\/?p=14805#breadcrumb","itemListElement":[{"@type":"ListItem","position":1,"name":"Portada","item":"https:\/\/buenosdiasbcs.com\/"},{"@type":"ListItem","position":2,"name":"Proyectan desarrollo tur\u00edstico-residencial de 26.8 hect\u00e1reas en El Sargento"}]},{"@type":"WebSite","@id":"https:\/\/buenosdiasbcs.com\/#website","url":"https:\/\/buenosdiasbcs.com\/","name":"Buenos D\u00edas BCS","description":"","publisher":{"@id":"https:\/\/buenosdiasbcs.com\/#organization"},"potentialAction":[{"@type":"SearchAction","target":{"@type":"EntryPoint","urlTemplate":"https:\/\/buenosdiasbcs.com\/?s={search_term_string}"},"query-input":{"@type":"PropertyValueSpecification","valueRequired":true,"valueName":"search_term_string"}}],"inLanguage":"es"},{"@type":"Organization","@id":"https:\/\/buenosdiasbcs.com\/#organization","name":"Buenos D\u00edas BCS","url":"https:\/\/buenosdiasbcs.com\/","logo":{"@type":"ImageObject","inLanguage":"es","@id":"https:\/\/buenosdiasbcs.com\/#\/schema\/logo\/image\/","url":"https:\/\/buenosdiasbcs.com\/wp-content\/uploads\/2026\/01\/logo-buenos-dias-40-01.png","contentUrl":"https:\/\/buenosdiasbcs.com\/wp-content\/uploads\/2026\/01\/logo-buenos-dias-40-01.png","width":277,"height":40,"caption":"Buenos D\u00edas BCS"},"image":{"@id":"https:\/\/buenosdiasbcs.com\/#\/schema\/logo\/image\/"}},{"@type":"Person","@id":"https:\/\/buenosdiasbcs.com\/#\/schema\/person\/15aedc247eab7070ee5d76d6d069a821","name":"Edici\u00f3n Buenos D\u00edas","image":{"@type":"ImageObject","inLanguage":"es","@id":"https:\/\/buenosdiasbcs.com\/wp-content\/uploads\/2026\/01\/cropped-sol-96x96.png","url":"https:\/\/buenosdiasbcs.com\/wp-content\/uploads\/2026\/01\/cropped-sol-96x96.png","contentUrl":"https:\/\/buenosdiasbcs.com\/wp-content\/uploads\/2026\/01\/cropped-sol-96x96.png","caption":"Edici\u00f3n Buenos D\u00edas"},"url":"https:\/\/buenosdiasbcs.com\/?author=2"}]}},"amp_enabled":true,"_links":{"self":[{"href":"https:\/\/buenosdiasbcs.com\/index.php?rest_route=\/wp\/v2\/posts\/14805","targetHints":{"allow":["GET"]}}],"collection":[{"href":"https:\/\/buenosdiasbcs.com\/index.php?rest_route=\/wp\/v2\/posts"}],"about":[{"href":"https:\/\/buenosdiasbcs.com\/index.php?rest_route=\/wp\/v2\/types\/post"}],"author":[{"embeddable":true,"href":"https:\/\/buenosdiasbcs.com\/index.php?rest_route=\/wp\/v2\/users\/2"}],"replies":[{"embeddable":true,"href":"https:\/\/buenosdiasbcs.com\/index.php?rest_route=%2Fwp%2Fv2%2Fcomments&post=14805"}],"version-history":[{"count":1,"href":"https:\/\/buenosdiasbcs.com\/index.php?rest_route=\/wp\/v2\/posts\/14805\/revisions"}],"predecessor-version":[{"id":14807,"href":"https:\/\/buenosdiasbcs.com\/index.php?rest_route=\/wp\/v2\/posts\/14805\/revisions\/14807"}],"wp:featuredmedia":[{"embeddable":true,"href":"https:\/\/buenosdiasbcs.com\/index.php?rest_route=\/wp\/v2\/media\/14806"}],"wp:attachment":[{"href":"https:\/\/buenosdiasbcs.com\/index.php?rest_route=%2Fwp%2Fv2%2Fmedia&parent=14805"}],"wp:term":[{"taxonomy":"category","embeddable":true,"href":"https:\/\/buenosdiasbcs.com\/index.php?rest_route=%2Fwp%2Fv2%2Fcategories&post=14805"},{"taxonomy":"post_tag","embeddable":true,"href":"https:\/\/buenosdiasbcs.com\/index.php?rest_route=%2Fwp%2Fv2%2Ftags&post=14805"}],"curies":[{"name":"wp","href":"https:\/\/api.w.org\/{rel}","templated":true}]}}