{"id":14799,"date":"2026-08-31T00:50:00","date_gmt":"2026-08-31T07:50:00","guid":{"rendered":"https:\/\/buenosdiasbcs.com\/?p=14799"},"modified":"2026-08-30T22:07:00","modified_gmt":"2026-08-31T05:07:00","slug":"se-le-chipoteo-a-fonmar-gobernador-descarta-cobro-por-pesca-de-orilla","status":"publish","type":"post","link":"https:\/\/buenosdiasbcs.com\/?p=14799","title":{"rendered":"Se le chipote\u00f3 a FONMAR: Gobernador descarta cobro por pesca de orilla"},"content":{"rendered":"\n<h2 id=\"h-declaraciones-previas-del-director-de-fonmar-muestran-que-el-organismo-si-ha-realizado-gestiones\" class=\"wp-block-heading\">Declaraciones previas del director de FONMAR muestran que el organismo s\u00ed ha realizado gestiones<\/h2>\n\n\n\n<p class=\"wp-block-paragraph\">El&nbsp;<strong>gobernador<\/strong>&nbsp;de Baja California Sur,&nbsp;<strong>V\u00edctor Manuel Castro Cos\u00edo<\/strong>,&nbsp;<strong>descart\u00f3<\/strong>que se vaya a establecer un&nbsp;<strong>cobro de 32 pesos<\/strong>&nbsp;para las personas que practican&nbsp;<strong>pesca desde la orilla<\/strong>&nbsp;en la entidad.<\/p>\n\n\n\n<p class=\"wp-block-paragraph\">El&nbsp;<strong>mandatario<\/strong>&nbsp;se refiri\u00f3 al tema luego de que se&nbsp;<strong>difundiera informaci\u00f3n<\/strong>&nbsp;sobre un posible cobro relacionado con esta actividad y asegur\u00f3 que&nbsp;<strong>no se aplicar\u00e1<\/strong>una cuota a quienes acudan a las playas a pescar.<\/p>\n\n\n\n<p class=\"wp-block-paragraph\">Previamente, el director del Fondo para la Protecci\u00f3n de los Recursos Marinos (<strong>FONMAR<\/strong>),&nbsp;<strong>Mart\u00edn Inzunza Tamayo<\/strong>, hab\u00eda informado sobre&nbsp;<strong>propuestas<\/strong>&nbsp;para regular la pesca de orilla, entre ellas el&nbsp;<strong>pago de un derecho<\/strong>.<\/p>\n\n\n\n<h2 id=\"h-que-dijo-nbsp-victor-castro-nbsp-sobre-el-cobro-por-pesca-de-orilla\" class=\"wp-block-heading\">\u00bfQu\u00e9 dijo&nbsp;<strong>V\u00edctor Castro<\/strong>&nbsp;sobre el cobro por pesca de orilla?<\/h2>\n\n\n\n<p class=\"wp-block-paragraph\">Castro Cos\u00edo&nbsp;<strong>rechaz\u00f3<\/strong>&nbsp;que se pretenda&nbsp;<strong>cobrar 32 pesos<\/strong>&nbsp;a las personas por realizar&nbsp;<strong>pesca desde la orilla<\/strong>.<\/p>\n\n\n\n<p class=\"wp-block-paragraph\">El&nbsp;<strong>gobernador<\/strong>&nbsp;se\u00f1al\u00f3 que&nbsp;<strong>no se aplicar\u00e1<\/strong>&nbsp;este cobro a quienes acudan a las playas a practicar esta actividad y calific\u00f3 como falsa la versi\u00f3n difundida sobre una&nbsp;<strong>cuota general<\/strong>.<\/p>\n\n\n\n<p class=\"wp-block-paragraph\">La&nbsp;<strong>declaraci\u00f3n<\/strong>&nbsp;se dio despu\u00e9s de que el tema generara&nbsp;<strong>comentarios<\/strong>&nbsp;entre&nbsp;<strong>pescadores<\/strong>&nbsp;y usuarios de redes sociales.<\/p>\n\n\n\n<h2 id=\"h-que-habia-dicho-nbsp-fonmar-nbsp-sobre-los-nbsp-32-pesos\" class=\"wp-block-heading\">\u00bfQu\u00e9 hab\u00eda dicho&nbsp;<strong>FONMAR<\/strong>&nbsp;sobre los&nbsp;<strong>32 pesos<\/strong>?<\/h2>\n\n\n\n<p class=\"wp-block-paragraph\"><strong>Mart\u00edn Inzunza<\/strong>&nbsp;hab\u00eda&nbsp;<strong>hablado&nbsp;<\/strong>previamente de un&nbsp;<strong>planteamiento&nbsp;<\/strong>relacionado con el&nbsp;<strong>cobro&nbsp;<\/strong>de un&nbsp;<strong>derecho estatal de 32 pesos para participantes en torneos de pesca de orilla<\/strong>.<\/p>\n\n\n\n<p class=\"wp-block-paragraph\">El&nbsp;<strong>director de FONMAR<\/strong>&nbsp;explic\u00f3 en ese&nbsp;<strong>momento&nbsp;<\/strong>que la&nbsp;<strong>propuesta<\/strong>&nbsp;tendr\u00eda que ser&nbsp;<strong>analizada y consensuada<\/strong>&nbsp;antes de&nbsp;<strong>avanzar<\/strong>.<\/p>\n\n\n\n<p class=\"wp-block-paragraph\">Hasta el momento, el&nbsp;<strong>cobro de 32 pesos<\/strong>&nbsp;<strong>no se encuentra vigente para las personas que practican pesca desde la orilla en Baja California Sur<\/strong>.<\/p>\n\n\n\n<h2 id=\"h-que-nbsp-propuesta-nbsp-presento-nbsp-fonmar-nbsp-ante-el-nbsp-congreso-de-la-union\" class=\"wp-block-heading\">\u00bfQu\u00e9&nbsp;<strong>propuesta<\/strong>&nbsp;present\u00f3&nbsp;<strong>FONMAR<\/strong>&nbsp;ante el&nbsp;<strong>Congreso de la Uni\u00f3n<\/strong>?<\/h2>\n\n\n\n<p class=\"wp-block-paragraph\">En otra entrevista, al ser cuestionado sobre la iniciativa para regular la pesca de orilla,&nbsp;<strong>Mart\u00edn Inzunza<\/strong>&nbsp;inform\u00f3 que una&nbsp;<strong>propuesta<\/strong>&nbsp;ya fue presentada ante el&nbsp;<strong>Congreso de la Uni\u00f3n<\/strong>, debido a que la&nbsp;<strong>regulaci\u00f3n pesquera<\/strong>&nbsp;corresponde al&nbsp;<strong>\u00e1mbito federal<\/strong>.<\/p>\n\n\n\n<p class=\"wp-block-paragraph\">\u201cEso ya lo presentamos en el&nbsp;<strong>Congreso de la Uni\u00f3n<\/strong>, porque todo es federal. Toda la regulaci\u00f3n de la pesca es en la&nbsp;<strong>Ley de Pesca<\/strong>&nbsp;y Acuicultura Federal\u201d.<\/p>\n\n\n\n<p class=\"wp-block-paragraph\">El&nbsp;<strong>funcionario<\/strong>&nbsp;se\u00f1al\u00f3 que los&nbsp;<strong>documentos<\/strong>&nbsp;fueron entregados a las&nbsp;<strong>comisiones correspondientes<\/strong>&nbsp;y que&nbsp;<strong>FONMAR<\/strong>&nbsp;cuenta con un&nbsp;<strong>acuse de recibo<\/strong>.<\/p>\n\n\n\n<p class=\"wp-block-paragraph\">\u201cSe dejan ah\u00ed los expedientes, tenemos&nbsp;<strong>acuse de recibo<\/strong>. Y se sigue insistiendo en las&nbsp;<strong>gestiones<\/strong>\u201d.<\/p>\n\n\n\n<p class=\"wp-block-paragraph\">Tambi\u00e9n mencion\u00f3 que han abordado el tema con el diputado Luis Armando D\u00edaz , quien actualmente es el secretario de la&nbsp;<strong>Comisi\u00f3n de Pesca<\/strong>.<\/p>\n\n\n\n<h2 id=\"h-que-busca-la-nbsp-propuesta-nbsp-sobre-pesca-de-orilla\" class=\"wp-block-heading\">\u00bfQu\u00e9 busca la&nbsp;<strong>propuesta<\/strong>&nbsp;sobre pesca de orilla?<\/h2>\n\n\n\n<p class=\"wp-block-paragraph\">De acuerdo con&nbsp;<strong>Mart\u00edn Inzunza<\/strong>, las&nbsp;<strong>gestiones<\/strong>&nbsp;buscan realizar&nbsp;<strong>modificaciones<\/strong>relacionadas con la regulaci\u00f3n de la&nbsp;<strong>pesca desde la orilla<\/strong>.<\/p>\n\n\n\n<p class=\"wp-block-paragraph\">El titular de&nbsp;<strong>FONMAR<\/strong>&nbsp;explic\u00f3 que el&nbsp;<strong>proceso<\/strong>&nbsp;requiere generar&nbsp;<strong>consensos<\/strong>&nbsp;entre los&nbsp;<strong>legisladores<\/strong>&nbsp;para que conozcan la&nbsp;<strong>propuesta<\/strong>&nbsp;y puedan impulsar&nbsp;<strong>modificaciones<\/strong>.<\/p>\n\n\n\n<p class=\"wp-block-paragraph\">\u201cEs algo tortuoso porque el&nbsp;<strong>consenso<\/strong>&nbsp;que hay que crear ah\u00ed, que entiendan todos el tema, que se empapen los&nbsp;<strong>diputados<\/strong>, que puedan hacer suyo el inter\u00e9s\u201d.<\/p>\n\n\n\n<p class=\"wp-block-paragraph\">Al explicar el alcance de los&nbsp;<strong>cambios<\/strong>&nbsp;que buscan, Inzunza mencion\u00f3 expresamente el&nbsp;<strong>pago de un derecho<\/strong>.<\/p>\n\n\n\n<p class=\"wp-block-paragraph\">\u201cQue puedan impulsar unas&nbsp;<strong>modificaciones<\/strong>&nbsp;en sentido para que pudieran pagar un derecho los que hacen pesca de orilla y tambi\u00e9n regular un poquito la pesquer\u00eda ah\u00ed\u201d.<\/p>\n\n\n\n<p class=\"wp-block-paragraph\">El&nbsp;<strong>funcionario<\/strong>&nbsp;no precis\u00f3 en esa&nbsp;<strong>declaraci\u00f3n<\/strong>&nbsp;cu\u00e1l ser\u00eda el&nbsp;<strong>monto del derecho<\/strong>contemplado dentro de las&nbsp;<strong>modificaciones<\/strong>&nbsp;planteadas ante el&nbsp;<strong>Congreso de la Uni\u00f3n<\/strong>.<\/p>\n\n\n\n<p class=\"wp-block-paragraph\"><\/p>\n","protected":false},"excerpt":{"rendered":"<p>Declaraciones previas del director de FONMAR muestran que el organismo s\u00ed ha realizado gestiones El&nbsp;gobernador&nbsp;de Baja California Sur,&nbsp;V\u00edctor Manuel Castro&#8230;<\/p>\n","protected":false},"author":2,"featured_media":14800,"comment_status":"open","ping_status":"open","sticky":false,"template":"","format":"standard","meta":{"rs_blank_template":"","rs_page_bg_color":"","slide_template_v7":"","footnotes":""},"categories":[25],"tags":[],"class_list":["post-14799","post","type-post","status-publish","format-standard","has-post-thumbnail","hentry","category-sociedad"],"yoast_head":"<!-- This site is optimized with the Yoast SEO Premium plugin v26.8 (Yoast SEO v28.3) - https:\/\/yoast.com\/product\/yoast-seo-premium-wordpress\/ -->\n<title>Se le chipote\u00f3 a FONMAR: Gobernador descarta cobro por pesca de orilla - Buenos D\u00edas BCS<\/title>\n<meta name=\"robots\" content=\"index, follow, max-snippet:-1, max-image-preview:large, max-video-preview:-1\" \/>\n<link rel=\"canonical\" href=\"https:\/\/buenosdiasbcs.com\/?p=14799\" \/>\n<meta property=\"og:locale\" content=\"es_ES\" \/>\n<meta property=\"og:type\" content=\"article\" \/>\n<meta property=\"og:title\" content=\"Se le chipote\u00f3 a FONMAR: Gobernador descarta cobro por pesca de orilla\" \/>\n<meta property=\"og:description\" content=\"Declaraciones previas del director de FONMAR muestran que el organismo s\u00ed ha realizado gestiones El&nbsp;gobernador&nbsp;de Baja California Sur,&nbsp;V\u00edctor Manuel Castro...\" \/>\n<meta property=\"og:url\" content=\"https:\/\/buenosdiasbcs.com\/?p=14799\" \/>\n<meta property=\"og:site_name\" content=\"Buenos D\u00edas BCS\" \/>\n<meta property=\"article:published_time\" content=\"2026-08-31T07:50:00+00:00\" \/>\n<meta property=\"og:image\" content=\"https:\/\/buenosdiasbcs.com\/wp-content\/uploads\/2026\/08\/gobernador-de-bcs-descarta-cobro-por-pesca-de-orilla-7a90fdd5-focus-0-0-1479-828.webp\" \/>\n\t<meta property=\"og:image:width\" content=\"1479\" \/>\n\t<meta property=\"og:image:height\" content=\"828\" \/>\n\t<meta property=\"og:image:type\" content=\"image\/webp\" \/>\n<meta name=\"author\" content=\"Edici\u00f3n Buenos D\u00edas\" \/>\n<meta name=\"twitter:card\" content=\"summary_large_image\" \/>\n<meta name=\"twitter:label1\" content=\"Escrito por\" \/>\n\t<meta name=\"twitter:data1\" content=\"Edici\u00f3n Buenos D\u00edas\" \/>\n\t<meta name=\"twitter:label2\" content=\"Tiempo de lectura\" \/>\n\t<meta name=\"twitter:data2\" content=\"3 minutos\" \/>\n<script type=\"application\/ld+json\" class=\"yoast-schema-graph\">{\"@context\":\"https:\\\/\\\/schema.org\",\"@graph\":[{\"@type\":\"Article\",\"@id\":\"https:\\\/\\\/buenosdiasbcs.com\\\/?p=14799#article\",\"isPartOf\":{\"@id\":\"https:\\\/\\\/buenosdiasbcs.com\\\/?p=14799\"},\"author\":{\"name\":\"Edici\u00f3n Buenos D\u00edas\",\"@id\":\"https:\\\/\\\/buenosdiasbcs.com\\\/#\\\/schema\\\/person\\\/15aedc247eab7070ee5d76d6d069a821\"},\"headline\":\"Se le chipote\u00f3 a FONMAR: Gobernador descarta cobro por pesca de orilla\",\"datePublished\":\"2026-08-31T07:50:00+00:00\",\"mainEntityOfPage\":{\"@id\":\"https:\\\/\\\/buenosdiasbcs.com\\\/?p=14799\"},\"wordCount\":718,\"commentCount\":0,\"publisher\":{\"@id\":\"https:\\\/\\\/buenosdiasbcs.com\\\/#organization\"},\"image\":{\"@id\":\"https:\\\/\\\/buenosdiasbcs.com\\\/?p=14799#primaryimage\"},\"thumbnailUrl\":\"https:\\\/\\\/buenosdiasbcs.com\\\/wp-content\\\/uploads\\\/2026\\\/08\\\/gobernador-de-bcs-descarta-cobro-por-pesca-de-orilla-7a90fdd5-focus-0-0-1479-828.webp\",\"articleSection\":[\"Sociedad\"],\"inLanguage\":\"es\",\"potentialAction\":[{\"@type\":\"CommentAction\",\"name\":\"Comment\",\"target\":[\"https:\\\/\\\/buenosdiasbcs.com\\\/?p=14799#respond\"]}]},{\"@type\":\"WebPage\",\"@id\":\"https:\\\/\\\/buenosdiasbcs.com\\\/?p=14799\",\"url\":\"https:\\\/\\\/buenosdiasbcs.com\\\/?p=14799\",\"name\":\"Se le chipote\u00f3 a FONMAR: Gobernador descarta cobro por pesca de orilla - Buenos D\u00edas BCS\",\"isPartOf\":{\"@id\":\"https:\\\/\\\/buenosdiasbcs.com\\\/#website\"},\"primaryImageOfPage\":{\"@id\":\"https:\\\/\\\/buenosdiasbcs.com\\\/?p=14799#primaryimage\"},\"image\":{\"@id\":\"https:\\\/\\\/buenosdiasbcs.com\\\/?p=14799#primaryimage\"},\"thumbnailUrl\":\"https:\\\/\\\/buenosdiasbcs.com\\\/wp-content\\\/uploads\\\/2026\\\/08\\\/gobernador-de-bcs-descarta-cobro-por-pesca-de-orilla-7a90fdd5-focus-0-0-1479-828.webp\",\"datePublished\":\"2026-08-31T07:50:00+00:00\",\"breadcrumb\":{\"@id\":\"https:\\\/\\\/buenosdiasbcs.com\\\/?p=14799#breadcrumb\"},\"inLanguage\":\"es\",\"potentialAction\":[{\"@type\":\"ReadAction\",\"target\":[\"https:\\\/\\\/buenosdiasbcs.com\\\/?p=14799\"]}]},{\"@type\":\"ImageObject\",\"inLanguage\":\"es\",\"@id\":\"https:\\\/\\\/buenosdiasbcs.com\\\/?p=14799#primaryimage\",\"url\":\"https:\\\/\\\/buenosdiasbcs.com\\\/wp-content\\\/uploads\\\/2026\\\/08\\\/gobernador-de-bcs-descarta-cobro-por-pesca-de-orilla-7a90fdd5-focus-0-0-1479-828.webp\",\"contentUrl\":\"https:\\\/\\\/buenosdiasbcs.com\\\/wp-content\\\/uploads\\\/2026\\\/08\\\/gobernador-de-bcs-descarta-cobro-por-pesca-de-orilla-7a90fdd5-focus-0-0-1479-828.webp\",\"width\":1479,\"height\":828},{\"@type\":\"BreadcrumbList\",\"@id\":\"https:\\\/\\\/buenosdiasbcs.com\\\/?p=14799#breadcrumb\",\"itemListElement\":[{\"@type\":\"ListItem\",\"position\":1,\"name\":\"Portada\",\"item\":\"https:\\\/\\\/buenosdiasbcs.com\\\/\"},{\"@type\":\"ListItem\",\"position\":2,\"name\":\"Se le chipote\u00f3 a FONMAR: Gobernador descarta cobro por pesca de orilla\"}]},{\"@type\":\"WebSite\",\"@id\":\"https:\\\/\\\/buenosdiasbcs.com\\\/#website\",\"url\":\"https:\\\/\\\/buenosdiasbcs.com\\\/\",\"name\":\"Buenos D\u00edas BCS\",\"description\":\"\",\"publisher\":{\"@id\":\"https:\\\/\\\/buenosdiasbcs.com\\\/#organization\"},\"potentialAction\":[{\"@type\":\"SearchAction\",\"target\":{\"@type\":\"EntryPoint\",\"urlTemplate\":\"https:\\\/\\\/buenosdiasbcs.com\\\/?s={search_term_string}\"},\"query-input\":{\"@type\":\"PropertyValueSpecification\",\"valueRequired\":true,\"valueName\":\"search_term_string\"}}],\"inLanguage\":\"es\"},{\"@type\":\"Organization\",\"@id\":\"https:\\\/\\\/buenosdiasbcs.com\\\/#organization\",\"name\":\"Buenos D\u00edas BCS\",\"url\":\"https:\\\/\\\/buenosdiasbcs.com\\\/\",\"logo\":{\"@type\":\"ImageObject\",\"inLanguage\":\"es\",\"@id\":\"https:\\\/\\\/buenosdiasbcs.com\\\/#\\\/schema\\\/logo\\\/image\\\/\",\"url\":\"https:\\\/\\\/buenosdiasbcs.com\\\/wp-content\\\/uploads\\\/2026\\\/01\\\/logo-buenos-dias-40-01.png\",\"contentUrl\":\"https:\\\/\\\/buenosdiasbcs.com\\\/wp-content\\\/uploads\\\/2026\\\/01\\\/logo-buenos-dias-40-01.png\",\"width\":277,\"height\":40,\"caption\":\"Buenos D\u00edas BCS\"},\"image\":{\"@id\":\"https:\\\/\\\/buenosdiasbcs.com\\\/#\\\/schema\\\/logo\\\/image\\\/\"}},{\"@type\":\"Person\",\"@id\":\"https:\\\/\\\/buenosdiasbcs.com\\\/#\\\/schema\\\/person\\\/15aedc247eab7070ee5d76d6d069a821\",\"name\":\"Edici\u00f3n Buenos D\u00edas\",\"image\":{\"@type\":\"ImageObject\",\"inLanguage\":\"es\",\"@id\":\"https:\\\/\\\/buenosdiasbcs.com\\\/wp-content\\\/uploads\\\/2026\\\/01\\\/cropped-sol-96x96.png\",\"url\":\"https:\\\/\\\/buenosdiasbcs.com\\\/wp-content\\\/uploads\\\/2026\\\/01\\\/cropped-sol-96x96.png\",\"contentUrl\":\"https:\\\/\\\/buenosdiasbcs.com\\\/wp-content\\\/uploads\\\/2026\\\/01\\\/cropped-sol-96x96.png\",\"caption\":\"Edici\u00f3n Buenos D\u00edas\"},\"url\":\"https:\\\/\\\/buenosdiasbcs.com\\\/?author=2\"}]}<\/script>\n<!-- \/ Yoast SEO Premium plugin. -->","yoast_head_json":{"title":"Se le chipote\u00f3 a FONMAR: Gobernador descarta cobro por pesca de orilla - Buenos D\u00edas BCS","robots":{"index":"index","follow":"follow","max-snippet":"max-snippet:-1","max-image-preview":"max-image-preview:large","max-video-preview":"max-video-preview:-1"},"canonical":"https:\/\/buenosdiasbcs.com\/?p=14799","og_locale":"es_ES","og_type":"article","og_title":"Se le chipote\u00f3 a FONMAR: Gobernador descarta cobro por pesca de orilla","og_description":"Declaraciones previas del director de FONMAR muestran que el organismo s\u00ed ha realizado gestiones El&nbsp;gobernador&nbsp;de Baja California Sur,&nbsp;V\u00edctor Manuel Castro...","og_url":"https:\/\/buenosdiasbcs.com\/?p=14799","og_site_name":"Buenos D\u00edas BCS","article_published_time":"2026-08-31T07:50:00+00:00","og_image":[{"width":1479,"height":828,"url":"https:\/\/buenosdiasbcs.com\/wp-content\/uploads\/2026\/08\/gobernador-de-bcs-descarta-cobro-por-pesca-de-orilla-7a90fdd5-focus-0-0-1479-828.webp","type":"image\/webp"}],"author":"Edici\u00f3n Buenos D\u00edas","twitter_card":"summary_large_image","twitter_misc":{"Escrito por":"Edici\u00f3n Buenos D\u00edas","Tiempo de lectura":"3 minutos"},"schema":{"@context":"https:\/\/schema.org","@graph":[{"@type":"Article","@id":"https:\/\/buenosdiasbcs.com\/?p=14799#article","isPartOf":{"@id":"https:\/\/buenosdiasbcs.com\/?p=14799"},"author":{"name":"Edici\u00f3n Buenos D\u00edas","@id":"https:\/\/buenosdiasbcs.com\/#\/schema\/person\/15aedc247eab7070ee5d76d6d069a821"},"headline":"Se le chipote\u00f3 a FONMAR: Gobernador descarta cobro por pesca de orilla","datePublished":"2026-08-31T07:50:00+00:00","mainEntityOfPage":{"@id":"https:\/\/buenosdiasbcs.com\/?p=14799"},"wordCount":718,"commentCount":0,"publisher":{"@id":"https:\/\/buenosdiasbcs.com\/#organization"},"image":{"@id":"https:\/\/buenosdiasbcs.com\/?p=14799#primaryimage"},"thumbnailUrl":"https:\/\/buenosdiasbcs.com\/wp-content\/uploads\/2026\/08\/gobernador-de-bcs-descarta-cobro-por-pesca-de-orilla-7a90fdd5-focus-0-0-1479-828.webp","articleSection":["Sociedad"],"inLanguage":"es","potentialAction":[{"@type":"CommentAction","name":"Comment","target":["https:\/\/buenosdiasbcs.com\/?p=14799#respond"]}]},{"@type":"WebPage","@id":"https:\/\/buenosdiasbcs.com\/?p=14799","url":"https:\/\/buenosdiasbcs.com\/?p=14799","name":"Se le chipote\u00f3 a FONMAR: Gobernador descarta cobro por pesca de orilla - Buenos D\u00edas BCS","isPartOf":{"@id":"https:\/\/buenosdiasbcs.com\/#website"},"primaryImageOfPage":{"@id":"https:\/\/buenosdiasbcs.com\/?p=14799#primaryimage"},"image":{"@id":"https:\/\/buenosdiasbcs.com\/?p=14799#primaryimage"},"thumbnailUrl":"https:\/\/buenosdiasbcs.com\/wp-content\/uploads\/2026\/08\/gobernador-de-bcs-descarta-cobro-por-pesca-de-orilla-7a90fdd5-focus-0-0-1479-828.webp","datePublished":"2026-08-31T07:50:00+00:00","breadcrumb":{"@id":"https:\/\/buenosdiasbcs.com\/?p=14799#breadcrumb"},"inLanguage":"es","potentialAction":[{"@type":"ReadAction","target":["https:\/\/buenosdiasbcs.com\/?p=14799"]}]},{"@type":"ImageObject","inLanguage":"es","@id":"https:\/\/buenosdiasbcs.com\/?p=14799#primaryimage","url":"https:\/\/buenosdiasbcs.com\/wp-content\/uploads\/2026\/08\/gobernador-de-bcs-descarta-cobro-por-pesca-de-orilla-7a90fdd5-focus-0-0-1479-828.webp","contentUrl":"https:\/\/buenosdiasbcs.com\/wp-content\/uploads\/2026\/08\/gobernador-de-bcs-descarta-cobro-por-pesca-de-orilla-7a90fdd5-focus-0-0-1479-828.webp","width":1479,"height":828},{"@type":"BreadcrumbList","@id":"https:\/\/buenosdiasbcs.com\/?p=14799#breadcrumb","itemListElement":[{"@type":"ListItem","position":1,"name":"Portada","item":"https:\/\/buenosdiasbcs.com\/"},{"@type":"ListItem","position":2,"name":"Se le chipote\u00f3 a FONMAR: Gobernador descarta cobro por pesca de orilla"}]},{"@type":"WebSite","@id":"https:\/\/buenosdiasbcs.com\/#website","url":"https:\/\/buenosdiasbcs.com\/","name":"Buenos D\u00edas BCS","description":"","publisher":{"@id":"https:\/\/buenosdiasbcs.com\/#organization"},"potentialAction":[{"@type":"SearchAction","target":{"@type":"EntryPoint","urlTemplate":"https:\/\/buenosdiasbcs.com\/?s={search_term_string}"},"query-input":{"@type":"PropertyValueSpecification","valueRequired":true,"valueName":"search_term_string"}}],"inLanguage":"es"},{"@type":"Organization","@id":"https:\/\/buenosdiasbcs.com\/#organization","name":"Buenos D\u00edas BCS","url":"https:\/\/buenosdiasbcs.com\/","logo":{"@type":"ImageObject","inLanguage":"es","@id":"https:\/\/buenosdiasbcs.com\/#\/schema\/logo\/image\/","url":"https:\/\/buenosdiasbcs.com\/wp-content\/uploads\/2026\/01\/logo-buenos-dias-40-01.png","contentUrl":"https:\/\/buenosdiasbcs.com\/wp-content\/uploads\/2026\/01\/logo-buenos-dias-40-01.png","width":277,"height":40,"caption":"Buenos D\u00edas BCS"},"image":{"@id":"https:\/\/buenosdiasbcs.com\/#\/schema\/logo\/image\/"}},{"@type":"Person","@id":"https:\/\/buenosdiasbcs.com\/#\/schema\/person\/15aedc247eab7070ee5d76d6d069a821","name":"Edici\u00f3n Buenos D\u00edas","image":{"@type":"ImageObject","inLanguage":"es","@id":"https:\/\/buenosdiasbcs.com\/wp-content\/uploads\/2026\/01\/cropped-sol-96x96.png","url":"https:\/\/buenosdiasbcs.com\/wp-content\/uploads\/2026\/01\/cropped-sol-96x96.png","contentUrl":"https:\/\/buenosdiasbcs.com\/wp-content\/uploads\/2026\/01\/cropped-sol-96x96.png","caption":"Edici\u00f3n Buenos D\u00edas"},"url":"https:\/\/buenosdiasbcs.com\/?author=2"}]}},"amp_enabled":true,"_links":{"self":[{"href":"https:\/\/buenosdiasbcs.com\/index.php?rest_route=\/wp\/v2\/posts\/14799","targetHints":{"allow":["GET"]}}],"collection":[{"href":"https:\/\/buenosdiasbcs.com\/index.php?rest_route=\/wp\/v2\/posts"}],"about":[{"href":"https:\/\/buenosdiasbcs.com\/index.php?rest_route=\/wp\/v2\/types\/post"}],"author":[{"embeddable":true,"href":"https:\/\/buenosdiasbcs.com\/index.php?rest_route=\/wp\/v2\/users\/2"}],"replies":[{"embeddable":true,"href":"https:\/\/buenosdiasbcs.com\/index.php?rest_route=%2Fwp%2Fv2%2Fcomments&post=14799"}],"version-history":[{"count":1,"href":"https:\/\/buenosdiasbcs.com\/index.php?rest_route=\/wp\/v2\/posts\/14799\/revisions"}],"predecessor-version":[{"id":14801,"href":"https:\/\/buenosdiasbcs.com\/index.php?rest_route=\/wp\/v2\/posts\/14799\/revisions\/14801"}],"wp:featuredmedia":[{"embeddable":true,"href":"https:\/\/buenosdiasbcs.com\/index.php?rest_route=\/wp\/v2\/media\/14800"}],"wp:attachment":[{"href":"https:\/\/buenosdiasbcs.com\/index.php?rest_route=%2Fwp%2Fv2%2Fmedia&parent=14799"}],"wp:term":[{"taxonomy":"category","embeddable":true,"href":"https:\/\/buenosdiasbcs.com\/index.php?rest_route=%2Fwp%2Fv2%2Fcategories&post=14799"},{"taxonomy":"post_tag","embeddable":true,"href":"https:\/\/buenosdiasbcs.com\/index.php?rest_route=%2Fwp%2Fv2%2Ftags&post=14799"}],"curies":[{"name":"wp","href":"https:\/\/api.w.org\/{rel}","templated":true}]}}