{"id":14786,"date":"2026-08-31T00:18:00","date_gmt":"2026-08-31T07:18:00","guid":{"rendered":"https:\/\/buenosdiasbcs.com\/?p=14786"},"modified":"2026-08-30T16:20:37","modified_gmt":"2026-08-30T23:20:37","slug":"exjefe-de-la-dea-pide-que-mexico-entregue-a-rocha-moya-a-eu","status":"publish","type":"post","link":"https:\/\/buenosdiasbcs.com\/?p=14786","title":{"rendered":"Exjefe de la DEA pide que M\u00e9xico entregue a Rocha Moya a EU"},"content":{"rendered":"\n<h2 id=\"h-derek-maltz-exige-que-el-gobernador-de-sinaloa-enfrente-la-justicia-por-los-presuntos-vinculos-que-se-le-atribuyen-con-los-chapitos\" class=\"wp-block-heading\">Derek Maltz exige que el gobernador de Sinaloa enfrente la justicia por los presuntos v\u00ednculos que se le atribuyen con Los Chapitos.<\/h2>\n\n\n\n<p class=\"wp-block-paragraph\">El exdirector de la&nbsp;<strong>DEA, Derek Maltz<\/strong>, pidi\u00f3 que M\u00e9xico entregue a&nbsp;<strong>Rub\u00e9n Rocha Moya<\/strong>, gobernador de Sinaloa con licencia, a Estados Unidos para que enfrente un proceso judicial por los presuntos v\u00ednculos que se le atribuyen con&nbsp;<strong>Los Chapitos<\/strong>, una facci\u00f3n del C\u00e1rtel de Sinaloa.<\/p>\n\n\n\n<p class=\"wp-block-paragraph\">A trav\u00e9s de sus redes sociales, el exfuncionario estadounidense manifest\u00f3 su deseo de que Rocha Moya sea expulsado de M\u00e9xico y trasladado a Nueva York para comparecer ante un tribunal federal.<\/p>\n\n\n\n<p class=\"wp-block-paragraph\">Maltz reconoci\u00f3 que el mandatario sinaloense es inocente mientras no se demuestre lo contrario, pero sostuvo que debe enfrentar un proceso ante la justicia estadounidense para esclarecer las acusaciones.<\/p>\n\n\n\n<p class=\"wp-block-paragraph\">\u201cEspero que veamos su llegada pronto\u201d, escribi\u00f3 el exjefe de la DEA, junto con una imagen generada mediante inteligencia artificial en la que se representa una supuesta entrega de Rocha Moya a autoridades estadounidenses.<\/p>\n\n\n\n<h2 id=\"h-acusaciones-contra-funcionarios-de-sinaloa\" class=\"wp-block-heading\">Acusaciones contra funcionarios de Sinaloa<\/h2>\n\n\n\n<p class=\"wp-block-paragraph\">Las declaraciones de Maltz se producen en medio de la controversia generada por las acusaciones de Estados Unidos contra&nbsp;<strong>10 funcionarios de Sinaloa<\/strong>, a quienes se les ha se\u00f1alado por presuntos v\u00ednculos con el grupo criminal conocido como Los Chapitos.<\/p>\n\n\n\n<p class=\"wp-block-paragraph\">Sin embargo, el senador&nbsp;<strong>Enrique Inzunza<\/strong>&nbsp;asegur\u00f3 recientemente que, despu\u00e9s de m\u00e1s de tres meses de estas acusaciones, no se han presentado pruebas en su contra ni contra los dem\u00e1s funcionarios se\u00f1alados.<\/p>\n\n\n\n<p class=\"wp-block-paragraph\">Inzunza anunci\u00f3 su separaci\u00f3n de la bancada de Morena en el Senado y afirm\u00f3 que se defender\u00e1 de manera independiente durante el pr\u00f3ximo periodo de sesiones.<\/p>\n\n\n\n<h2 id=\"h-rocha-moya-deja-temporalmente-la-gubernatura\" class=\"wp-block-heading\">Rocha Moya deja temporalmente la gubernatura<\/h2>\n\n\n\n<p class=\"wp-block-paragraph\">En medio de la pol\u00e9mica, Rocha Moya solicit\u00f3 licencia para separarse del cargo, petici\u00f3n que fue aprobada por el Congreso de Sinaloa. Posteriormente,&nbsp;<strong>Graciela Dom\u00ednguez<\/strong>&nbsp;fue designada como gobernadora interina.<\/p>\n\n\n\n<p class=\"wp-block-paragraph\">La presidenta&nbsp;<strong>Claudia Sheinbaum<\/strong>&nbsp;respald\u00f3 la salida temporal de Rocha Moya y consider\u00f3 que fue la mejor decisi\u00f3n para Sinaloa.<\/p>\n\n\n\n<p class=\"wp-block-paragraph\">Por ahora, las acusaciones contra el gobernador con licencia contin\u00faan generando reacciones tanto en M\u00e9xico como en Estados Unidos, mientras no se han presentado p\u00fablicamente pruebas que acrediten los presuntos nexos se\u00f1alados.<\/p>\n\n\n\n<p class=\"wp-block-paragraph\">(Con informaci\u00f3n de&nbsp;<strong><em>El Financiero<\/em><\/strong>)<\/p>\n\n\n\n<p class=\"wp-block-paragraph\"><\/p>\n","protected":false},"excerpt":{"rendered":"<p>Derek Maltz exige que el gobernador de Sinaloa enfrente la justicia por los presuntos v\u00ednculos que se le atribuyen con&#8230;<\/p>\n","protected":false},"author":2,"featured_media":14787,"comment_status":"open","ping_status":"open","sticky":false,"template":"","format":"standard","meta":{"rs_blank_template":"","rs_page_bg_color":"","slide_template_v7":"","footnotes":""},"categories":[29],"tags":[],"class_list":["post-14786","post","type-post","status-publish","format-standard","has-post-thumbnail","hentry","category-internacional"],"yoast_head":"<!-- This site is optimized with the Yoast SEO Premium plugin v26.8 (Yoast SEO v28.3) - https:\/\/yoast.com\/product\/yoast-seo-premium-wordpress\/ -->\n<title>Exjefe de la DEA pide que M\u00e9xico entregue a Rocha Moya a EU - Buenos D\u00edas BCS<\/title>\n<meta name=\"robots\" content=\"index, follow, max-snippet:-1, max-image-preview:large, max-video-preview:-1\" \/>\n<link rel=\"canonical\" href=\"https:\/\/buenosdiasbcs.com\/?p=14786\" \/>\n<meta property=\"og:locale\" content=\"es_ES\" \/>\n<meta property=\"og:type\" content=\"article\" \/>\n<meta property=\"og:title\" content=\"Exjefe de la DEA pide que M\u00e9xico entregue a Rocha Moya a EU\" \/>\n<meta property=\"og:description\" content=\"Derek Maltz exige que el gobernador de Sinaloa enfrente la justicia por los presuntos v\u00ednculos que se le atribuyen con...\" \/>\n<meta property=\"og:url\" content=\"https:\/\/buenosdiasbcs.com\/?p=14786\" \/>\n<meta property=\"og:site_name\" content=\"Buenos D\u00edas BCS\" \/>\n<meta property=\"article:published_time\" content=\"2026-08-31T07:18:00+00:00\" \/>\n<meta property=\"og:image\" content=\"https:\/\/buenosdiasbcs.com\/wp-content\/uploads\/2026\/08\/1788119421331.jpg.webp\" \/>\n\t<meta property=\"og:image:width\" content=\"820\" \/>\n\t<meta property=\"og:image:height\" content=\"508\" \/>\n\t<meta property=\"og:image:type\" content=\"image\/webp\" \/>\n<meta name=\"author\" content=\"Edici\u00f3n Buenos D\u00edas\" \/>\n<meta name=\"twitter:card\" content=\"summary_large_image\" \/>\n<meta name=\"twitter:label1\" content=\"Escrito por\" \/>\n\t<meta name=\"twitter:data1\" content=\"Edici\u00f3n Buenos D\u00edas\" \/>\n\t<meta name=\"twitter:label2\" content=\"Tiempo de lectura\" \/>\n\t<meta name=\"twitter:data2\" content=\"2 minutos\" \/>\n<script type=\"application\/ld+json\" class=\"yoast-schema-graph\">{\"@context\":\"https:\\\/\\\/schema.org\",\"@graph\":[{\"@type\":\"Article\",\"@id\":\"https:\\\/\\\/buenosdiasbcs.com\\\/?p=14786#article\",\"isPartOf\":{\"@id\":\"https:\\\/\\\/buenosdiasbcs.com\\\/?p=14786\"},\"author\":{\"name\":\"Edici\u00f3n Buenos D\u00edas\",\"@id\":\"https:\\\/\\\/buenosdiasbcs.com\\\/#\\\/schema\\\/person\\\/15aedc247eab7070ee5d76d6d069a821\"},\"headline\":\"Exjefe de la DEA pide que M\u00e9xico entregue a Rocha Moya a EU\",\"datePublished\":\"2026-08-31T07:18:00+00:00\",\"mainEntityOfPage\":{\"@id\":\"https:\\\/\\\/buenosdiasbcs.com\\\/?p=14786\"},\"wordCount\":407,\"commentCount\":0,\"publisher\":{\"@id\":\"https:\\\/\\\/buenosdiasbcs.com\\\/#organization\"},\"image\":{\"@id\":\"https:\\\/\\\/buenosdiasbcs.com\\\/?p=14786#primaryimage\"},\"thumbnailUrl\":\"https:\\\/\\\/buenosdiasbcs.com\\\/wp-content\\\/uploads\\\/2026\\\/08\\\/1788119421331.jpg.webp\",\"articleSection\":[\"Internacional\"],\"inLanguage\":\"es\",\"potentialAction\":[{\"@type\":\"CommentAction\",\"name\":\"Comment\",\"target\":[\"https:\\\/\\\/buenosdiasbcs.com\\\/?p=14786#respond\"]}]},{\"@type\":\"WebPage\",\"@id\":\"https:\\\/\\\/buenosdiasbcs.com\\\/?p=14786\",\"url\":\"https:\\\/\\\/buenosdiasbcs.com\\\/?p=14786\",\"name\":\"Exjefe de la DEA pide que M\u00e9xico entregue a Rocha Moya a EU - Buenos D\u00edas BCS\",\"isPartOf\":{\"@id\":\"https:\\\/\\\/buenosdiasbcs.com\\\/#website\"},\"primaryImageOfPage\":{\"@id\":\"https:\\\/\\\/buenosdiasbcs.com\\\/?p=14786#primaryimage\"},\"image\":{\"@id\":\"https:\\\/\\\/buenosdiasbcs.com\\\/?p=14786#primaryimage\"},\"thumbnailUrl\":\"https:\\\/\\\/buenosdiasbcs.com\\\/wp-content\\\/uploads\\\/2026\\\/08\\\/1788119421331.jpg.webp\",\"datePublished\":\"2026-08-31T07:18:00+00:00\",\"breadcrumb\":{\"@id\":\"https:\\\/\\\/buenosdiasbcs.com\\\/?p=14786#breadcrumb\"},\"inLanguage\":\"es\",\"potentialAction\":[{\"@type\":\"ReadAction\",\"target\":[\"https:\\\/\\\/buenosdiasbcs.com\\\/?p=14786\"]}]},{\"@type\":\"ImageObject\",\"inLanguage\":\"es\",\"@id\":\"https:\\\/\\\/buenosdiasbcs.com\\\/?p=14786#primaryimage\",\"url\":\"https:\\\/\\\/buenosdiasbcs.com\\\/wp-content\\\/uploads\\\/2026\\\/08\\\/1788119421331.jpg.webp\",\"contentUrl\":\"https:\\\/\\\/buenosdiasbcs.com\\\/wp-content\\\/uploads\\\/2026\\\/08\\\/1788119421331.jpg.webp\",\"width\":820,\"height\":508},{\"@type\":\"BreadcrumbList\",\"@id\":\"https:\\\/\\\/buenosdiasbcs.com\\\/?p=14786#breadcrumb\",\"itemListElement\":[{\"@type\":\"ListItem\",\"position\":1,\"name\":\"Portada\",\"item\":\"https:\\\/\\\/buenosdiasbcs.com\\\/\"},{\"@type\":\"ListItem\",\"position\":2,\"name\":\"Exjefe de la DEA pide que M\u00e9xico entregue a Rocha Moya a EU\"}]},{\"@type\":\"WebSite\",\"@id\":\"https:\\\/\\\/buenosdiasbcs.com\\\/#website\",\"url\":\"https:\\\/\\\/buenosdiasbcs.com\\\/\",\"name\":\"Buenos D\u00edas BCS\",\"description\":\"\",\"publisher\":{\"@id\":\"https:\\\/\\\/buenosdiasbcs.com\\\/#organization\"},\"potentialAction\":[{\"@type\":\"SearchAction\",\"target\":{\"@type\":\"EntryPoint\",\"urlTemplate\":\"https:\\\/\\\/buenosdiasbcs.com\\\/?s={search_term_string}\"},\"query-input\":{\"@type\":\"PropertyValueSpecification\",\"valueRequired\":true,\"valueName\":\"search_term_string\"}}],\"inLanguage\":\"es\"},{\"@type\":\"Organization\",\"@id\":\"https:\\\/\\\/buenosdiasbcs.com\\\/#organization\",\"name\":\"Buenos D\u00edas BCS\",\"url\":\"https:\\\/\\\/buenosdiasbcs.com\\\/\",\"logo\":{\"@type\":\"ImageObject\",\"inLanguage\":\"es\",\"@id\":\"https:\\\/\\\/buenosdiasbcs.com\\\/#\\\/schema\\\/logo\\\/image\\\/\",\"url\":\"https:\\\/\\\/buenosdiasbcs.com\\\/wp-content\\\/uploads\\\/2026\\\/01\\\/logo-buenos-dias-40-01.png\",\"contentUrl\":\"https:\\\/\\\/buenosdiasbcs.com\\\/wp-content\\\/uploads\\\/2026\\\/01\\\/logo-buenos-dias-40-01.png\",\"width\":277,\"height\":40,\"caption\":\"Buenos D\u00edas BCS\"},\"image\":{\"@id\":\"https:\\\/\\\/buenosdiasbcs.com\\\/#\\\/schema\\\/logo\\\/image\\\/\"}},{\"@type\":\"Person\",\"@id\":\"https:\\\/\\\/buenosdiasbcs.com\\\/#\\\/schema\\\/person\\\/15aedc247eab7070ee5d76d6d069a821\",\"name\":\"Edici\u00f3n Buenos D\u00edas\",\"image\":{\"@type\":\"ImageObject\",\"inLanguage\":\"es\",\"@id\":\"https:\\\/\\\/buenosdiasbcs.com\\\/wp-content\\\/uploads\\\/2026\\\/01\\\/cropped-sol-96x96.png\",\"url\":\"https:\\\/\\\/buenosdiasbcs.com\\\/wp-content\\\/uploads\\\/2026\\\/01\\\/cropped-sol-96x96.png\",\"contentUrl\":\"https:\\\/\\\/buenosdiasbcs.com\\\/wp-content\\\/uploads\\\/2026\\\/01\\\/cropped-sol-96x96.png\",\"caption\":\"Edici\u00f3n Buenos D\u00edas\"},\"url\":\"https:\\\/\\\/buenosdiasbcs.com\\\/?author=2\"}]}<\/script>\n<!-- \/ Yoast SEO Premium plugin. -->","yoast_head_json":{"title":"Exjefe de la DEA pide que M\u00e9xico entregue a Rocha Moya a EU - Buenos D\u00edas BCS","robots":{"index":"index","follow":"follow","max-snippet":"max-snippet:-1","max-image-preview":"max-image-preview:large","max-video-preview":"max-video-preview:-1"},"canonical":"https:\/\/buenosdiasbcs.com\/?p=14786","og_locale":"es_ES","og_type":"article","og_title":"Exjefe de la DEA pide que M\u00e9xico entregue a Rocha Moya a EU","og_description":"Derek Maltz exige que el gobernador de Sinaloa enfrente la justicia por los presuntos v\u00ednculos que se le atribuyen con...","og_url":"https:\/\/buenosdiasbcs.com\/?p=14786","og_site_name":"Buenos D\u00edas BCS","article_published_time":"2026-08-31T07:18:00+00:00","og_image":[{"width":820,"height":508,"url":"https:\/\/buenosdiasbcs.com\/wp-content\/uploads\/2026\/08\/1788119421331.jpg.webp","type":"image\/webp"}],"author":"Edici\u00f3n Buenos D\u00edas","twitter_card":"summary_large_image","twitter_misc":{"Escrito por":"Edici\u00f3n Buenos D\u00edas","Tiempo de lectura":"2 minutos"},"schema":{"@context":"https:\/\/schema.org","@graph":[{"@type":"Article","@id":"https:\/\/buenosdiasbcs.com\/?p=14786#article","isPartOf":{"@id":"https:\/\/buenosdiasbcs.com\/?p=14786"},"author":{"name":"Edici\u00f3n Buenos D\u00edas","@id":"https:\/\/buenosdiasbcs.com\/#\/schema\/person\/15aedc247eab7070ee5d76d6d069a821"},"headline":"Exjefe de la DEA pide que M\u00e9xico entregue a Rocha Moya a EU","datePublished":"2026-08-31T07:18:00+00:00","mainEntityOfPage":{"@id":"https:\/\/buenosdiasbcs.com\/?p=14786"},"wordCount":407,"commentCount":0,"publisher":{"@id":"https:\/\/buenosdiasbcs.com\/#organization"},"image":{"@id":"https:\/\/buenosdiasbcs.com\/?p=14786#primaryimage"},"thumbnailUrl":"https:\/\/buenosdiasbcs.com\/wp-content\/uploads\/2026\/08\/1788119421331.jpg.webp","articleSection":["Internacional"],"inLanguage":"es","potentialAction":[{"@type":"CommentAction","name":"Comment","target":["https:\/\/buenosdiasbcs.com\/?p=14786#respond"]}]},{"@type":"WebPage","@id":"https:\/\/buenosdiasbcs.com\/?p=14786","url":"https:\/\/buenosdiasbcs.com\/?p=14786","name":"Exjefe de la DEA pide que M\u00e9xico entregue a Rocha Moya a EU - Buenos D\u00edas BCS","isPartOf":{"@id":"https:\/\/buenosdiasbcs.com\/#website"},"primaryImageOfPage":{"@id":"https:\/\/buenosdiasbcs.com\/?p=14786#primaryimage"},"image":{"@id":"https:\/\/buenosdiasbcs.com\/?p=14786#primaryimage"},"thumbnailUrl":"https:\/\/buenosdiasbcs.com\/wp-content\/uploads\/2026\/08\/1788119421331.jpg.webp","datePublished":"2026-08-31T07:18:00+00:00","breadcrumb":{"@id":"https:\/\/buenosdiasbcs.com\/?p=14786#breadcrumb"},"inLanguage":"es","potentialAction":[{"@type":"ReadAction","target":["https:\/\/buenosdiasbcs.com\/?p=14786"]}]},{"@type":"ImageObject","inLanguage":"es","@id":"https:\/\/buenosdiasbcs.com\/?p=14786#primaryimage","url":"https:\/\/buenosdiasbcs.com\/wp-content\/uploads\/2026\/08\/1788119421331.jpg.webp","contentUrl":"https:\/\/buenosdiasbcs.com\/wp-content\/uploads\/2026\/08\/1788119421331.jpg.webp","width":820,"height":508},{"@type":"BreadcrumbList","@id":"https:\/\/buenosdiasbcs.com\/?p=14786#breadcrumb","itemListElement":[{"@type":"ListItem","position":1,"name":"Portada","item":"https:\/\/buenosdiasbcs.com\/"},{"@type":"ListItem","position":2,"name":"Exjefe de la DEA pide que M\u00e9xico entregue a Rocha Moya a EU"}]},{"@type":"WebSite","@id":"https:\/\/buenosdiasbcs.com\/#website","url":"https:\/\/buenosdiasbcs.com\/","name":"Buenos D\u00edas BCS","description":"","publisher":{"@id":"https:\/\/buenosdiasbcs.com\/#organization"},"potentialAction":[{"@type":"SearchAction","target":{"@type":"EntryPoint","urlTemplate":"https:\/\/buenosdiasbcs.com\/?s={search_term_string}"},"query-input":{"@type":"PropertyValueSpecification","valueRequired":true,"valueName":"search_term_string"}}],"inLanguage":"es"},{"@type":"Organization","@id":"https:\/\/buenosdiasbcs.com\/#organization","name":"Buenos D\u00edas BCS","url":"https:\/\/buenosdiasbcs.com\/","logo":{"@type":"ImageObject","inLanguage":"es","@id":"https:\/\/buenosdiasbcs.com\/#\/schema\/logo\/image\/","url":"https:\/\/buenosdiasbcs.com\/wp-content\/uploads\/2026\/01\/logo-buenos-dias-40-01.png","contentUrl":"https:\/\/buenosdiasbcs.com\/wp-content\/uploads\/2026\/01\/logo-buenos-dias-40-01.png","width":277,"height":40,"caption":"Buenos D\u00edas BCS"},"image":{"@id":"https:\/\/buenosdiasbcs.com\/#\/schema\/logo\/image\/"}},{"@type":"Person","@id":"https:\/\/buenosdiasbcs.com\/#\/schema\/person\/15aedc247eab7070ee5d76d6d069a821","name":"Edici\u00f3n Buenos D\u00edas","image":{"@type":"ImageObject","inLanguage":"es","@id":"https:\/\/buenosdiasbcs.com\/wp-content\/uploads\/2026\/01\/cropped-sol-96x96.png","url":"https:\/\/buenosdiasbcs.com\/wp-content\/uploads\/2026\/01\/cropped-sol-96x96.png","contentUrl":"https:\/\/buenosdiasbcs.com\/wp-content\/uploads\/2026\/01\/cropped-sol-96x96.png","caption":"Edici\u00f3n Buenos D\u00edas"},"url":"https:\/\/buenosdiasbcs.com\/?author=2"}]}},"amp_enabled":true,"_links":{"self":[{"href":"https:\/\/buenosdiasbcs.com\/index.php?rest_route=\/wp\/v2\/posts\/14786","targetHints":{"allow":["GET"]}}],"collection":[{"href":"https:\/\/buenosdiasbcs.com\/index.php?rest_route=\/wp\/v2\/posts"}],"about":[{"href":"https:\/\/buenosdiasbcs.com\/index.php?rest_route=\/wp\/v2\/types\/post"}],"author":[{"embeddable":true,"href":"https:\/\/buenosdiasbcs.com\/index.php?rest_route=\/wp\/v2\/users\/2"}],"replies":[{"embeddable":true,"href":"https:\/\/buenosdiasbcs.com\/index.php?rest_route=%2Fwp%2Fv2%2Fcomments&post=14786"}],"version-history":[{"count":1,"href":"https:\/\/buenosdiasbcs.com\/index.php?rest_route=\/wp\/v2\/posts\/14786\/revisions"}],"predecessor-version":[{"id":14788,"href":"https:\/\/buenosdiasbcs.com\/index.php?rest_route=\/wp\/v2\/posts\/14786\/revisions\/14788"}],"wp:featuredmedia":[{"embeddable":true,"href":"https:\/\/buenosdiasbcs.com\/index.php?rest_route=\/wp\/v2\/media\/14787"}],"wp:attachment":[{"href":"https:\/\/buenosdiasbcs.com\/index.php?rest_route=%2Fwp%2Fv2%2Fmedia&parent=14786"}],"wp:term":[{"taxonomy":"category","embeddable":true,"href":"https:\/\/buenosdiasbcs.com\/index.php?rest_route=%2Fwp%2Fv2%2Fcategories&post=14786"},{"taxonomy":"post_tag","embeddable":true,"href":"https:\/\/buenosdiasbcs.com\/index.php?rest_route=%2Fwp%2Fv2%2Ftags&post=14786"}],"curies":[{"name":"wp","href":"https:\/\/api.w.org\/{rel}","templated":true}]}}