{"id":14783,"date":"2026-08-31T00:17:00","date_gmt":"2026-08-31T07:17:00","guid":{"rendered":"https:\/\/buenosdiasbcs.com\/?p=14783"},"modified":"2026-08-30T16:18:11","modified_gmt":"2026-08-30T23:18:11","slug":"segundo-informe-de-gobierno-de-claudia-sheinbaum-cuando-y-a-que-hora-sera","status":"publish","type":"post","link":"https:\/\/buenosdiasbcs.com\/?p=14783","title":{"rendered":"Segundo Informe de Gobierno de Claudia Sheinbaum: cu\u00e1ndo y a qu\u00e9 hora ser\u00e1"},"content":{"rendered":"\n<p class=\"wp-block-paragraph\">El\u00a0<strong>Segundo Informe de Gobierno de Claudia Sheinbaum<\/strong>\u00a0se llevar\u00e1 a cabo el pr\u00f3ximo\u00a0<strong>martes 1 de septiembre de 2026<\/strong>, como parte del ejercicio de rendici\u00f3n de cuentas de la presidenta de M\u00e9xico.<\/p>\n\n\n\n<p class=\"wp-block-paragraph\">La ceremonia est\u00e1 programada para las&nbsp;<strong>11:00 horas<\/strong>&nbsp;y tendr\u00e1 como escenario el&nbsp;<strong>Patio de Honor de Palacio Nacional<\/strong>, en la Ciudad de M\u00e9xico, donde la mandataria presentar\u00e1 los principales resultados de su administraci\u00f3n.<\/p>\n\n\n\n<p class=\"wp-block-paragraph\">El evento contar\u00e1 con la presencia de integrantes del gabinete legal y ampliado, gobernadores, legisladores e invitados especiales. Durante el informe se abordar\u00e1n temas como&nbsp;<strong>salud, vivienda, seguridad, econom\u00eda, empleo y educaci\u00f3n<\/strong>, entre otros rubros.<\/p>\n\n\n\n<h2 id=\"h-donde-sera-el-segundo-informe-de-gobierno\" class=\"wp-block-heading\">\u00bfD\u00f3nde ser\u00e1 el Segundo Informe de Gobierno?<\/h2>\n\n\n\n<p class=\"wp-block-paragraph\">El mensaje de la presidenta se realizar\u00e1 en&nbsp;<strong>Palacio Nacional<\/strong>&nbsp;y est\u00e1 previsto que sea transmitido a trav\u00e9s de los canales oficiales del Gobierno de M\u00e9xico, medios p\u00fablicos y otras plataformas de comunicaci\u00f3n.<\/p>\n\n\n\n<p class=\"wp-block-paragraph\">Debido a la presentaci\u00f3n de su informe,&nbsp;<strong>Claudia Sheinbaum no encabezar\u00e1 ese martes su conferencia de prensa matutina<\/strong>&nbsp;habitual en el Sal\u00f3n Tesorer\u00eda de Palacio Nacional.<\/p>\n\n\n\n<h2 id=\"h-sheinbaum-destaca-avances-de-la-economia\" class=\"wp-block-heading\">Sheinbaum destaca avances de la econom\u00eda<\/h2>\n\n\n\n<p class=\"wp-block-paragraph\">En los d\u00edas previos al&nbsp;<strong>Segundo Informe de Gobierno<\/strong>, la presidenta ha difundido diversos spots en los que destaca resultados de su administraci\u00f3n.<\/p>\n\n\n\n<p class=\"wp-block-paragraph\">En uno de los mensajes publicados este s\u00e1bado 29 de agosto, Sheinbaum present\u00f3 cinco aspectos positivos de la econom\u00eda mexicana: el incremento del salario m\u00ednimo y la reducci\u00f3n de la pobreza laboral; el bajo nivel de desempleo; la disminuci\u00f3n de la inflaci\u00f3n y del costo de la canasta b\u00e1sica; la fortaleza del peso y un a\u00f1o r\u00e9cord en inversi\u00f3n extranjera directa.<\/p>\n\n\n\n<h2 id=\"h-iniciara-gira-de-rendicion-de-cuentas\" class=\"wp-block-heading\">Iniciar\u00e1 gira de rendici\u00f3n de cuentas<\/h2>\n\n\n\n<p class=\"wp-block-paragraph\">Despu\u00e9s del informe, la presidenta iniciar\u00e1 una&nbsp;<strong>gira de rendici\u00f3n de cuentas por los estados del pa\u00eds<\/strong>, que concluir\u00e1 con un acto en el Z\u00f3calo de la Ciudad de M\u00e9xico.<\/p>\n\n\n\n<p class=\"wp-block-paragraph\">Sheinbaum ha se\u00f1alado que se encuentra optimista sobre la situaci\u00f3n del pa\u00eds y asegur\u00f3 que M\u00e9xico \u201cva bien\u201d, al destacar avances en econom\u00eda, bienestar, seguridad y calidad de vida.<\/p>\n\n\n\n<p class=\"wp-block-paragraph\"><\/p>\n","protected":false},"excerpt":{"rendered":"<p>El\u00a0Segundo Informe de Gobierno de Claudia Sheinbaum\u00a0se llevar\u00e1 a cabo el pr\u00f3ximo\u00a0martes 1 de septiembre de 2026, como parte del&#8230;<\/p>\n","protected":false},"author":2,"featured_media":14784,"comment_status":"open","ping_status":"open","sticky":false,"template":"","format":"standard","meta":{"rs_blank_template":"","rs_page_bg_color":"","slide_template_v7":"","footnotes":""},"categories":[32],"tags":[],"class_list":["post-14783","post","type-post","status-publish","format-standard","has-post-thumbnail","hentry","category-la-nacion"],"yoast_head":"<!-- This site is optimized with the Yoast SEO Premium plugin v26.8 (Yoast SEO v28.3) - https:\/\/yoast.com\/product\/yoast-seo-premium-wordpress\/ -->\n<title>Segundo Informe de Gobierno de Claudia Sheinbaum: cu\u00e1ndo y a qu\u00e9 hora ser\u00e1 - Buenos D\u00edas BCS<\/title>\n<meta name=\"robots\" content=\"index, follow, max-snippet:-1, max-image-preview:large, max-video-preview:-1\" \/>\n<link rel=\"canonical\" href=\"https:\/\/buenosdiasbcs.com\/?p=14783\" \/>\n<meta property=\"og:locale\" content=\"es_ES\" \/>\n<meta property=\"og:type\" content=\"article\" \/>\n<meta property=\"og:title\" content=\"Segundo Informe de Gobierno de Claudia Sheinbaum: cu\u00e1ndo y a qu\u00e9 hora ser\u00e1\" \/>\n<meta property=\"og:description\" content=\"El\u00a0Segundo Informe de Gobierno de Claudia Sheinbaum\u00a0se llevar\u00e1 a cabo el pr\u00f3ximo\u00a0martes 1 de septiembre de 2026, como parte del...\" \/>\n<meta property=\"og:url\" content=\"https:\/\/buenosdiasbcs.com\/?p=14783\" \/>\n<meta property=\"og:site_name\" content=\"Buenos D\u00edas BCS\" \/>\n<meta property=\"article:published_time\" content=\"2026-08-31T07:17:00+00:00\" \/>\n<meta property=\"og:image\" content=\"https:\/\/buenosdiasbcs.com\/wp-content\/uploads\/2026\/08\/1788112017750.jpeg.webp\" \/>\n\t<meta property=\"og:image:width\" content=\"820\" \/>\n\t<meta property=\"og:image:height\" content=\"508\" \/>\n\t<meta property=\"og:image:type\" content=\"image\/webp\" \/>\n<meta name=\"author\" content=\"Edici\u00f3n Buenos D\u00edas\" \/>\n<meta name=\"twitter:card\" content=\"summary_large_image\" \/>\n<meta name=\"twitter:label1\" content=\"Escrito por\" \/>\n\t<meta name=\"twitter:data1\" content=\"Edici\u00f3n Buenos D\u00edas\" \/>\n\t<meta name=\"twitter:label2\" content=\"Tiempo de lectura\" \/>\n\t<meta name=\"twitter:data2\" content=\"2 minutos\" \/>\n<script type=\"application\/ld+json\" class=\"yoast-schema-graph\">{\"@context\":\"https:\\\/\\\/schema.org\",\"@graph\":[{\"@type\":\"Article\",\"@id\":\"https:\\\/\\\/buenosdiasbcs.com\\\/?p=14783#article\",\"isPartOf\":{\"@id\":\"https:\\\/\\\/buenosdiasbcs.com\\\/?p=14783\"},\"author\":{\"name\":\"Edici\u00f3n Buenos D\u00edas\",\"@id\":\"https:\\\/\\\/buenosdiasbcs.com\\\/#\\\/schema\\\/person\\\/15aedc247eab7070ee5d76d6d069a821\"},\"headline\":\"Segundo Informe de Gobierno de Claudia Sheinbaum: cu\u00e1ndo y a qu\u00e9 hora ser\u00e1\",\"datePublished\":\"2026-08-31T07:17:00+00:00\",\"mainEntityOfPage\":{\"@id\":\"https:\\\/\\\/buenosdiasbcs.com\\\/?p=14783\"},\"wordCount\":383,\"commentCount\":0,\"publisher\":{\"@id\":\"https:\\\/\\\/buenosdiasbcs.com\\\/#organization\"},\"image\":{\"@id\":\"https:\\\/\\\/buenosdiasbcs.com\\\/?p=14783#primaryimage\"},\"thumbnailUrl\":\"https:\\\/\\\/buenosdiasbcs.com\\\/wp-content\\\/uploads\\\/2026\\\/08\\\/1788112017750.jpeg.webp\",\"articleSection\":[\"La Naci\u00f3n\"],\"inLanguage\":\"es\",\"potentialAction\":[{\"@type\":\"CommentAction\",\"name\":\"Comment\",\"target\":[\"https:\\\/\\\/buenosdiasbcs.com\\\/?p=14783#respond\"]}]},{\"@type\":\"WebPage\",\"@id\":\"https:\\\/\\\/buenosdiasbcs.com\\\/?p=14783\",\"url\":\"https:\\\/\\\/buenosdiasbcs.com\\\/?p=14783\",\"name\":\"Segundo Informe de Gobierno de Claudia Sheinbaum: cu\u00e1ndo y a qu\u00e9 hora ser\u00e1 - Buenos D\u00edas BCS\",\"isPartOf\":{\"@id\":\"https:\\\/\\\/buenosdiasbcs.com\\\/#website\"},\"primaryImageOfPage\":{\"@id\":\"https:\\\/\\\/buenosdiasbcs.com\\\/?p=14783#primaryimage\"},\"image\":{\"@id\":\"https:\\\/\\\/buenosdiasbcs.com\\\/?p=14783#primaryimage\"},\"thumbnailUrl\":\"https:\\\/\\\/buenosdiasbcs.com\\\/wp-content\\\/uploads\\\/2026\\\/08\\\/1788112017750.jpeg.webp\",\"datePublished\":\"2026-08-31T07:17:00+00:00\",\"breadcrumb\":{\"@id\":\"https:\\\/\\\/buenosdiasbcs.com\\\/?p=14783#breadcrumb\"},\"inLanguage\":\"es\",\"potentialAction\":[{\"@type\":\"ReadAction\",\"target\":[\"https:\\\/\\\/buenosdiasbcs.com\\\/?p=14783\"]}]},{\"@type\":\"ImageObject\",\"inLanguage\":\"es\",\"@id\":\"https:\\\/\\\/buenosdiasbcs.com\\\/?p=14783#primaryimage\",\"url\":\"https:\\\/\\\/buenosdiasbcs.com\\\/wp-content\\\/uploads\\\/2026\\\/08\\\/1788112017750.jpeg.webp\",\"contentUrl\":\"https:\\\/\\\/buenosdiasbcs.com\\\/wp-content\\\/uploads\\\/2026\\\/08\\\/1788112017750.jpeg.webp\",\"width\":820,\"height\":508},{\"@type\":\"BreadcrumbList\",\"@id\":\"https:\\\/\\\/buenosdiasbcs.com\\\/?p=14783#breadcrumb\",\"itemListElement\":[{\"@type\":\"ListItem\",\"position\":1,\"name\":\"Portada\",\"item\":\"https:\\\/\\\/buenosdiasbcs.com\\\/\"},{\"@type\":\"ListItem\",\"position\":2,\"name\":\"Segundo Informe de Gobierno de Claudia Sheinbaum: cu\u00e1ndo y a qu\u00e9 hora ser\u00e1\"}]},{\"@type\":\"WebSite\",\"@id\":\"https:\\\/\\\/buenosdiasbcs.com\\\/#website\",\"url\":\"https:\\\/\\\/buenosdiasbcs.com\\\/\",\"name\":\"Buenos D\u00edas BCS\",\"description\":\"\",\"publisher\":{\"@id\":\"https:\\\/\\\/buenosdiasbcs.com\\\/#organization\"},\"potentialAction\":[{\"@type\":\"SearchAction\",\"target\":{\"@type\":\"EntryPoint\",\"urlTemplate\":\"https:\\\/\\\/buenosdiasbcs.com\\\/?s={search_term_string}\"},\"query-input\":{\"@type\":\"PropertyValueSpecification\",\"valueRequired\":true,\"valueName\":\"search_term_string\"}}],\"inLanguage\":\"es\"},{\"@type\":\"Organization\",\"@id\":\"https:\\\/\\\/buenosdiasbcs.com\\\/#organization\",\"name\":\"Buenos D\u00edas BCS\",\"url\":\"https:\\\/\\\/buenosdiasbcs.com\\\/\",\"logo\":{\"@type\":\"ImageObject\",\"inLanguage\":\"es\",\"@id\":\"https:\\\/\\\/buenosdiasbcs.com\\\/#\\\/schema\\\/logo\\\/image\\\/\",\"url\":\"https:\\\/\\\/buenosdiasbcs.com\\\/wp-content\\\/uploads\\\/2026\\\/01\\\/logo-buenos-dias-40-01.png\",\"contentUrl\":\"https:\\\/\\\/buenosdiasbcs.com\\\/wp-content\\\/uploads\\\/2026\\\/01\\\/logo-buenos-dias-40-01.png\",\"width\":277,\"height\":40,\"caption\":\"Buenos D\u00edas BCS\"},\"image\":{\"@id\":\"https:\\\/\\\/buenosdiasbcs.com\\\/#\\\/schema\\\/logo\\\/image\\\/\"}},{\"@type\":\"Person\",\"@id\":\"https:\\\/\\\/buenosdiasbcs.com\\\/#\\\/schema\\\/person\\\/15aedc247eab7070ee5d76d6d069a821\",\"name\":\"Edici\u00f3n Buenos D\u00edas\",\"image\":{\"@type\":\"ImageObject\",\"inLanguage\":\"es\",\"@id\":\"https:\\\/\\\/buenosdiasbcs.com\\\/wp-content\\\/uploads\\\/2026\\\/01\\\/cropped-sol-96x96.png\",\"url\":\"https:\\\/\\\/buenosdiasbcs.com\\\/wp-content\\\/uploads\\\/2026\\\/01\\\/cropped-sol-96x96.png\",\"contentUrl\":\"https:\\\/\\\/buenosdiasbcs.com\\\/wp-content\\\/uploads\\\/2026\\\/01\\\/cropped-sol-96x96.png\",\"caption\":\"Edici\u00f3n Buenos D\u00edas\"},\"url\":\"https:\\\/\\\/buenosdiasbcs.com\\\/?author=2\"}]}<\/script>\n<!-- \/ Yoast SEO Premium plugin. -->","yoast_head_json":{"title":"Segundo Informe de Gobierno de Claudia Sheinbaum: cu\u00e1ndo y a qu\u00e9 hora ser\u00e1 - Buenos D\u00edas BCS","robots":{"index":"index","follow":"follow","max-snippet":"max-snippet:-1","max-image-preview":"max-image-preview:large","max-video-preview":"max-video-preview:-1"},"canonical":"https:\/\/buenosdiasbcs.com\/?p=14783","og_locale":"es_ES","og_type":"article","og_title":"Segundo Informe de Gobierno de Claudia Sheinbaum: cu\u00e1ndo y a qu\u00e9 hora ser\u00e1","og_description":"El\u00a0Segundo Informe de Gobierno de Claudia Sheinbaum\u00a0se llevar\u00e1 a cabo el pr\u00f3ximo\u00a0martes 1 de septiembre de 2026, como parte del...","og_url":"https:\/\/buenosdiasbcs.com\/?p=14783","og_site_name":"Buenos D\u00edas BCS","article_published_time":"2026-08-31T07:17:00+00:00","og_image":[{"width":820,"height":508,"url":"https:\/\/buenosdiasbcs.com\/wp-content\/uploads\/2026\/08\/1788112017750.jpeg.webp","type":"image\/webp"}],"author":"Edici\u00f3n Buenos D\u00edas","twitter_card":"summary_large_image","twitter_misc":{"Escrito por":"Edici\u00f3n Buenos D\u00edas","Tiempo de lectura":"2 minutos"},"schema":{"@context":"https:\/\/schema.org","@graph":[{"@type":"Article","@id":"https:\/\/buenosdiasbcs.com\/?p=14783#article","isPartOf":{"@id":"https:\/\/buenosdiasbcs.com\/?p=14783"},"author":{"name":"Edici\u00f3n Buenos D\u00edas","@id":"https:\/\/buenosdiasbcs.com\/#\/schema\/person\/15aedc247eab7070ee5d76d6d069a821"},"headline":"Segundo Informe de Gobierno de Claudia Sheinbaum: cu\u00e1ndo y a qu\u00e9 hora ser\u00e1","datePublished":"2026-08-31T07:17:00+00:00","mainEntityOfPage":{"@id":"https:\/\/buenosdiasbcs.com\/?p=14783"},"wordCount":383,"commentCount":0,"publisher":{"@id":"https:\/\/buenosdiasbcs.com\/#organization"},"image":{"@id":"https:\/\/buenosdiasbcs.com\/?p=14783#primaryimage"},"thumbnailUrl":"https:\/\/buenosdiasbcs.com\/wp-content\/uploads\/2026\/08\/1788112017750.jpeg.webp","articleSection":["La Naci\u00f3n"],"inLanguage":"es","potentialAction":[{"@type":"CommentAction","name":"Comment","target":["https:\/\/buenosdiasbcs.com\/?p=14783#respond"]}]},{"@type":"WebPage","@id":"https:\/\/buenosdiasbcs.com\/?p=14783","url":"https:\/\/buenosdiasbcs.com\/?p=14783","name":"Segundo Informe de Gobierno de Claudia Sheinbaum: cu\u00e1ndo y a qu\u00e9 hora ser\u00e1 - Buenos D\u00edas BCS","isPartOf":{"@id":"https:\/\/buenosdiasbcs.com\/#website"},"primaryImageOfPage":{"@id":"https:\/\/buenosdiasbcs.com\/?p=14783#primaryimage"},"image":{"@id":"https:\/\/buenosdiasbcs.com\/?p=14783#primaryimage"},"thumbnailUrl":"https:\/\/buenosdiasbcs.com\/wp-content\/uploads\/2026\/08\/1788112017750.jpeg.webp","datePublished":"2026-08-31T07:17:00+00:00","breadcrumb":{"@id":"https:\/\/buenosdiasbcs.com\/?p=14783#breadcrumb"},"inLanguage":"es","potentialAction":[{"@type":"ReadAction","target":["https:\/\/buenosdiasbcs.com\/?p=14783"]}]},{"@type":"ImageObject","inLanguage":"es","@id":"https:\/\/buenosdiasbcs.com\/?p=14783#primaryimage","url":"https:\/\/buenosdiasbcs.com\/wp-content\/uploads\/2026\/08\/1788112017750.jpeg.webp","contentUrl":"https:\/\/buenosdiasbcs.com\/wp-content\/uploads\/2026\/08\/1788112017750.jpeg.webp","width":820,"height":508},{"@type":"BreadcrumbList","@id":"https:\/\/buenosdiasbcs.com\/?p=14783#breadcrumb","itemListElement":[{"@type":"ListItem","position":1,"name":"Portada","item":"https:\/\/buenosdiasbcs.com\/"},{"@type":"ListItem","position":2,"name":"Segundo Informe de Gobierno de Claudia Sheinbaum: cu\u00e1ndo y a qu\u00e9 hora ser\u00e1"}]},{"@type":"WebSite","@id":"https:\/\/buenosdiasbcs.com\/#website","url":"https:\/\/buenosdiasbcs.com\/","name":"Buenos D\u00edas BCS","description":"","publisher":{"@id":"https:\/\/buenosdiasbcs.com\/#organization"},"potentialAction":[{"@type":"SearchAction","target":{"@type":"EntryPoint","urlTemplate":"https:\/\/buenosdiasbcs.com\/?s={search_term_string}"},"query-input":{"@type":"PropertyValueSpecification","valueRequired":true,"valueName":"search_term_string"}}],"inLanguage":"es"},{"@type":"Organization","@id":"https:\/\/buenosdiasbcs.com\/#organization","name":"Buenos D\u00edas BCS","url":"https:\/\/buenosdiasbcs.com\/","logo":{"@type":"ImageObject","inLanguage":"es","@id":"https:\/\/buenosdiasbcs.com\/#\/schema\/logo\/image\/","url":"https:\/\/buenosdiasbcs.com\/wp-content\/uploads\/2026\/01\/logo-buenos-dias-40-01.png","contentUrl":"https:\/\/buenosdiasbcs.com\/wp-content\/uploads\/2026\/01\/logo-buenos-dias-40-01.png","width":277,"height":40,"caption":"Buenos D\u00edas BCS"},"image":{"@id":"https:\/\/buenosdiasbcs.com\/#\/schema\/logo\/image\/"}},{"@type":"Person","@id":"https:\/\/buenosdiasbcs.com\/#\/schema\/person\/15aedc247eab7070ee5d76d6d069a821","name":"Edici\u00f3n Buenos D\u00edas","image":{"@type":"ImageObject","inLanguage":"es","@id":"https:\/\/buenosdiasbcs.com\/wp-content\/uploads\/2026\/01\/cropped-sol-96x96.png","url":"https:\/\/buenosdiasbcs.com\/wp-content\/uploads\/2026\/01\/cropped-sol-96x96.png","contentUrl":"https:\/\/buenosdiasbcs.com\/wp-content\/uploads\/2026\/01\/cropped-sol-96x96.png","caption":"Edici\u00f3n Buenos D\u00edas"},"url":"https:\/\/buenosdiasbcs.com\/?author=2"}]}},"amp_enabled":true,"_links":{"self":[{"href":"https:\/\/buenosdiasbcs.com\/index.php?rest_route=\/wp\/v2\/posts\/14783","targetHints":{"allow":["GET"]}}],"collection":[{"href":"https:\/\/buenosdiasbcs.com\/index.php?rest_route=\/wp\/v2\/posts"}],"about":[{"href":"https:\/\/buenosdiasbcs.com\/index.php?rest_route=\/wp\/v2\/types\/post"}],"author":[{"embeddable":true,"href":"https:\/\/buenosdiasbcs.com\/index.php?rest_route=\/wp\/v2\/users\/2"}],"replies":[{"embeddable":true,"href":"https:\/\/buenosdiasbcs.com\/index.php?rest_route=%2Fwp%2Fv2%2Fcomments&post=14783"}],"version-history":[{"count":1,"href":"https:\/\/buenosdiasbcs.com\/index.php?rest_route=\/wp\/v2\/posts\/14783\/revisions"}],"predecessor-version":[{"id":14785,"href":"https:\/\/buenosdiasbcs.com\/index.php?rest_route=\/wp\/v2\/posts\/14783\/revisions\/14785"}],"wp:featuredmedia":[{"embeddable":true,"href":"https:\/\/buenosdiasbcs.com\/index.php?rest_route=\/wp\/v2\/media\/14784"}],"wp:attachment":[{"href":"https:\/\/buenosdiasbcs.com\/index.php?rest_route=%2Fwp%2Fv2%2Fmedia&parent=14783"}],"wp:term":[{"taxonomy":"category","embeddable":true,"href":"https:\/\/buenosdiasbcs.com\/index.php?rest_route=%2Fwp%2Fv2%2Fcategories&post=14783"},{"taxonomy":"post_tag","embeddable":true,"href":"https:\/\/buenosdiasbcs.com\/index.php?rest_route=%2Fwp%2Fv2%2Ftags&post=14783"}],"curies":[{"name":"wp","href":"https:\/\/api.w.org\/{rel}","templated":true}]}}