{"id":14777,"date":"2026-08-31T00:31:00","date_gmt":"2026-08-31T07:31:00","guid":{"rendered":"https:\/\/buenosdiasbcs.com\/?p=14777"},"modified":"2026-08-30T14:33:40","modified_gmt":"2026-08-30T21:33:40","slug":"vacuna-contra-el-dengue-entra-al-compendio-nacional-en-mexico-que-significa-esto","status":"publish","type":"post","link":"https:\/\/buenosdiasbcs.com\/?p=14777","title":{"rendered":"Vacuna contra el dengue entra al Compendio Nacional en M\u00e9xico; \u00bfqu\u00e9 significa esto?"},"content":{"rendered":"\n<h2 id=\"h-mexico-incorporo-una-vacuna-contra-el-dengue-al-compendio-nacional-de-insumos-para-la-salud-sera-para-personas-de-10-a-14-anos-sin-comorbilidades-y-requerira-dos-dosis\" class=\"wp-block-heading\">M\u00e9xico incorpor\u00f3 una vacuna contra el dengue al Compendio Nacional de Insumos para la Salud; ser\u00e1 para personas de 10 a 14 a\u00f1os sin comorbilidades y requerir\u00e1 dos dosis<\/h2>\n\n\n\n<p class=\"wp-block-paragraph\">El&nbsp;<strong>Consejo de Salubridad General incluy\u00f3 una vacuna tetravalente contra el dengue en el Compendio Nacional de Insumos para la Salud<\/strong>, de acuerdo con una actualizaci\u00f3n publicada el&nbsp;<strong><a href=\"https:\/\/dof.gob.mx\/nota_detalle.php?codigo=5796643&amp;fecha=19\/08\/2026\" rel=\"noopener\" target=\"_blank\">19 de agosto de 2026 en el Diario Oficial de la Federaci\u00f3n<\/a><\/strong>.<\/p>\n\n\n\n<p class=\"wp-block-paragraph\">La indicaci\u00f3n incluida en el Compendio es espec\u00edfica: la vacuna est\u00e1 contemplada para la prevenci\u00f3n del dengue en&nbsp;<strong>personas de 10 a 14 a\u00f1os sin comorbilidades<\/strong>.<\/p>\n\n\n\n<p class=\"wp-block-paragraph\">Sin embargo, la incorporaci\u00f3n al Compendio&nbsp;<strong>no significa que ya haya iniciado una campa\u00f1a nacional de vacunaci\u00f3n contra el dengue<\/strong>, ni que cualquier persona pueda acudir de inmediato a una unidad p\u00fablica para solicitarla.<\/p>\n\n\n\n<p class=\"wp-block-paragraph\">El acuerdo publicado en el DOF no establece una fecha de inicio de aplicaci\u00f3n, n\u00famero de dosis que adquirir\u00e1 el Gobierno federal ni las entidades donde eventualmente se implementar\u00e1 la estrategia.<\/p>\n\n\n\n<h2 id=\"h-que-vacuna-contra-el-dengue-se-incorporo-en-mexico\" class=\"wp-block-heading\">\u00bfQu\u00e9 vacuna contra el dengue se incorpor\u00f3 en M\u00e9xico?<\/h2>\n\n\n\n<p class=\"wp-block-paragraph\">El DOF registra el biol\u00f3gico como&nbsp;<strong>\u201cvacuna tetravalente recombinante de virus vivos atenuados contra el dengue\u201d<\/strong>, bajo la clave&nbsp;<strong>020.000.6521.00<\/strong>.<\/p>\n\n\n\n<p class=\"wp-block-paragraph\">Aunque el acuerdo no utiliza el nombre comercial en el encabezado, la descripci\u00f3n corresponde a&nbsp;<strong>TAK-003<\/strong>, vacuna desarrollada por Takeda y comercializada como&nbsp;<strong>Qdenga<\/strong>. La farmac\u00e9utica&nbsp;<a href=\"https:\/\/www.excelsior.com.mx\/salud\/cofepris-aprueba-vacuna-contra-dengue-takeda-mexico\" target=\"_blank\" rel=\"noopener\">inform\u00f3 en marzo de 2026 que Cofepris aprob\u00f3 su vacuna contra el dengue en M\u00e9xico<\/a>.<\/p>\n\n\n\n<figure class=\"wp-block-image is-resized\"><img decoding=\"async\" data-src=\"https:\/\/imagenes.excelsior.com.mx\/files\/image_449_252\/uploads\/2026\/08\/25\/6a8dfc894210b.jpeg\" alt=\"\u00bfLa segunda vez que da dengue es m\u00e1s peligrosa?\" style=\"width:760px;height:auto\" src=\"data:image\/svg+xml;base64,PHN2ZyB3aWR0aD0iMSIgaGVpZ2h0PSIxIiB4bWxucz0iaHR0cDovL3d3dy53My5vcmcvMjAwMC9zdmciPjwvc3ZnPg==\" class=\"lazyload\" \/><figcaption class=\"wp-element-caption\">\u00bfLa segunda vez que da dengue es m\u00e1s peligrosa?Canva<\/figcaption><\/figure>\n\n\n\n<p class=\"wp-block-paragraph\">La vacuna utiliza el serotipo&nbsp;<strong>DENV-2 como base gen\u00e9tica<\/strong>&nbsp;e incorpora componentes dise\u00f1ados para generar respuesta inmunitaria contra los cuatro serotipos del dengue: DENV-1, DENV-2, DENV-3 y DENV-4.<\/p>\n\n\n\n<p class=\"wp-block-paragraph\">El esquema incluido en el Compendio mexicano consiste en&nbsp;<strong>dos dosis de 0.5 mililitros<\/strong>, administradas por v\u00eda subcut\u00e1nea, preferentemente en la regi\u00f3n del deltoides. La segunda dosis debe aplicarse&nbsp;<strong>tres meses despu\u00e9s de la primera<\/strong>.<\/p>\n\n\n\n<h2 id=\"h-quienes-podran-recibir-la-vacuna-contra-el-dengue-en-mexico\" class=\"wp-block-heading\">\u00bfQui\u00e9nes podr\u00e1n recibir la vacuna contra el dengue en M\u00e9xico?<\/h2>\n\n\n\n<p class=\"wp-block-paragraph\">El Compendio establece como indicaci\u00f3n el uso de la vacuna en&nbsp;<strong>personas de 10 a 14 a\u00f1os de edad sin comorbilidades<\/strong>.<\/p>\n\n\n\n<p class=\"wp-block-paragraph\">Se trata de un rango m\u00e1s limitado que el recomendado de manera general por la Organizaci\u00f3n Mundial de la Salud. La OMS recomienda considerar TAK-003 en&nbsp;<strong>ni\u00f1os y adolescentes de 6 a 16 a\u00f1os<\/strong>&nbsp;que vivan en entornos con alta intensidad de transmisi\u00f3n del dengue, mediante un&nbsp;<strong>esquema de dos dosis con intervalo de tres meses<\/strong>.<\/p>\n\n\n\n<p class=\"wp-block-paragraph\">La organizaci\u00f3n tambi\u00e9n plantea que la introducci\u00f3n de la vacuna puede&nbsp;<strong>realizarse de manera focalizada<\/strong>&nbsp;en regiones donde el dengue represente un problema importante de salud p\u00fablica, en lugar de aplicarla necesariamente de forma uniforme en todo un pa\u00eds.<\/p>\n\n\n\n<figure class=\"wp-block-image is-resized\"><img decoding=\"async\" data-src=\"https:\/\/imagenes.excelsior.com.mx\/files\/image_449_252\/uploads\/2025\/11\/20\/691f99bec675e.jpeg\" alt=\"\" style=\"width:760px;height:auto\" src=\"data:image\/svg+xml;base64,PHN2ZyB3aWR0aD0iMSIgaGVpZ2h0PSIxIiB4bWxucz0iaHR0cDovL3d3dy53My5vcmcvMjAwMC9zdmciPjwvc3ZnPg==\" class=\"lazyload\" \/><\/figure>\n\n\n\n<p class=\"wp-block-paragraph\">El acuerdo mexicano, por ahora,&nbsp;<strong>no detalla por qu\u00e9 se seleccion\u00f3 espec\u00edficamente el grupo de 10 a 14 a\u00f1os<\/strong>, ni cu\u00e1les entidades o municipios ser\u00edan prioritarios para su eventual aplicaci\u00f3n.<\/p>\n\n\n\n<h2 id=\"h-la-vacuna-contra-el-dengue-ya-estara-disponible-gratis\" class=\"wp-block-heading\">\u00bfLa vacuna contra el dengue ya estar\u00e1 disponible gratis?<\/h2>\n\n\n\n<p class=\"wp-block-paragraph\">La inclusi\u00f3n en el Compendio Nacional es importante porque este instrumento agrupa y codifica los medicamentos, vacunas y otros insumos utilizados por las instituciones p\u00fablicas del Sistema Nacional de Salud. El propio DOF se\u00f1ala que las instituciones p\u00fablicas deben ajustarse al Compendio para los insumos que hayan aprobado seguridad, calidad y eficacia terap\u00e9utica.<\/p>\n\n\n\n<p class=\"wp-block-paragraph\">En otras palabras, la incorporaci\u00f3n abre la puerta para que el biol\u00f3gico forme parte de procesos p\u00fablicos de adquisici\u00f3n, planeaci\u00f3n y uso institucional.<\/p>\n\n\n\n<p class=\"wp-block-paragraph\">Pero&nbsp;<strong>el acuerdo del DOF no anuncia por s\u00ed mismo una campa\u00f1a de vacunaci\u00f3n<\/strong>, ni establece que se aplicar\u00e1 de forma inmediata en IMSS, ISSSTE o IMSS-Bienestar.<\/p>\n\n\n\n<p class=\"wp-block-paragraph\">Hasta el&nbsp;<strong>27 de agosto de 2026<\/strong>, el Gobierno federal no ha anunciado p\u00fablicamente, en las fuentes oficiales consultadas, la fecha de inicio de una eventual estrategia de vacunaci\u00f3n con este biol\u00f3gico, la cantidad de dosis que se adquirir\u00edan o los estados donde se aplicar\u00eda primero.<\/p>\n\n\n\n<p class=\"wp-block-paragraph\"><\/p>\n","protected":false},"excerpt":{"rendered":"<p>M\u00e9xico incorpor\u00f3 una vacuna contra el dengue al Compendio Nacional de Insumos para la Salud; ser\u00e1 para personas de 10&#8230;<\/p>\n","protected":false},"author":2,"featured_media":14778,"comment_status":"open","ping_status":"open","sticky":false,"template":"","format":"standard","meta":{"rs_blank_template":"","rs_page_bg_color":"","slide_template_v7":"","footnotes":""},"categories":[20],"tags":[],"class_list":["post-14777","post","type-post","status-publish","format-standard","has-post-thumbnail","hentry","category-salud"],"yoast_head":"<!-- This site is optimized with the Yoast SEO Premium plugin v26.8 (Yoast SEO v28.3) - https:\/\/yoast.com\/product\/yoast-seo-premium-wordpress\/ -->\n<title>Vacuna contra el dengue entra al Compendio Nacional en M\u00e9xico; \u00bfqu\u00e9 significa esto? - Buenos D\u00edas BCS<\/title>\n<meta name=\"robots\" content=\"index, follow, max-snippet:-1, max-image-preview:large, max-video-preview:-1\" \/>\n<link rel=\"canonical\" href=\"https:\/\/buenosdiasbcs.com\/?p=14777\" \/>\n<meta property=\"og:locale\" content=\"es_ES\" \/>\n<meta property=\"og:type\" content=\"article\" \/>\n<meta property=\"og:title\" content=\"Vacuna contra el dengue entra al Compendio Nacional en M\u00e9xico; \u00bfqu\u00e9 significa esto?\" \/>\n<meta property=\"og:description\" content=\"M\u00e9xico incorpor\u00f3 una vacuna contra el dengue al Compendio Nacional de Insumos para la Salud; ser\u00e1 para personas de 10...\" \/>\n<meta property=\"og:url\" content=\"https:\/\/buenosdiasbcs.com\/?p=14777\" \/>\n<meta property=\"og:site_name\" content=\"Buenos D\u00edas BCS\" \/>\n<meta property=\"article:published_time\" content=\"2026-08-31T07:31:00+00:00\" \/>\n<meta property=\"og:image\" content=\"https:\/\/buenosdiasbcs.com\/wp-content\/uploads\/2026\/08\/6a626e9506e33.jpeg\" \/>\n\t<meta property=\"og:image:width\" content=\"813\" \/>\n\t<meta property=\"og:image:height\" content=\"542\" \/>\n\t<meta property=\"og:image:type\" content=\"image\/jpeg\" \/>\n<meta name=\"author\" content=\"Edici\u00f3n Buenos D\u00edas\" \/>\n<meta name=\"twitter:card\" content=\"summary_large_image\" \/>\n<meta name=\"twitter:label1\" content=\"Escrito por\" \/>\n\t<meta name=\"twitter:data1\" content=\"Edici\u00f3n Buenos D\u00edas\" \/>\n\t<meta name=\"twitter:label2\" content=\"Tiempo de lectura\" \/>\n\t<meta name=\"twitter:data2\" content=\"4 minutos\" \/>\n<script type=\"application\/ld+json\" class=\"yoast-schema-graph\">{\"@context\":\"https:\\\/\\\/schema.org\",\"@graph\":[{\"@type\":\"Article\",\"@id\":\"https:\\\/\\\/buenosdiasbcs.com\\\/?p=14777#article\",\"isPartOf\":{\"@id\":\"https:\\\/\\\/buenosdiasbcs.com\\\/?p=14777\"},\"author\":{\"name\":\"Edici\u00f3n Buenos D\u00edas\",\"@id\":\"https:\\\/\\\/buenosdiasbcs.com\\\/#\\\/schema\\\/person\\\/15aedc247eab7070ee5d76d6d069a821\"},\"headline\":\"Vacuna contra el dengue entra al Compendio Nacional en M\u00e9xico; \u00bfqu\u00e9 significa esto?\",\"datePublished\":\"2026-08-31T07:31:00+00:00\",\"mainEntityOfPage\":{\"@id\":\"https:\\\/\\\/buenosdiasbcs.com\\\/?p=14777\"},\"wordCount\":699,\"commentCount\":0,\"publisher\":{\"@id\":\"https:\\\/\\\/buenosdiasbcs.com\\\/#organization\"},\"image\":{\"@id\":\"https:\\\/\\\/buenosdiasbcs.com\\\/?p=14777#primaryimage\"},\"thumbnailUrl\":\"https:\\\/\\\/buenosdiasbcs.com\\\/wp-content\\\/uploads\\\/2026\\\/08\\\/6a626e9506e33.jpeg\",\"articleSection\":[\"Salud\"],\"inLanguage\":\"es\",\"potentialAction\":[{\"@type\":\"CommentAction\",\"name\":\"Comment\",\"target\":[\"https:\\\/\\\/buenosdiasbcs.com\\\/?p=14777#respond\"]}]},{\"@type\":\"WebPage\",\"@id\":\"https:\\\/\\\/buenosdiasbcs.com\\\/?p=14777\",\"url\":\"https:\\\/\\\/buenosdiasbcs.com\\\/?p=14777\",\"name\":\"Vacuna contra el dengue entra al Compendio Nacional en M\u00e9xico; \u00bfqu\u00e9 significa esto? - Buenos D\u00edas BCS\",\"isPartOf\":{\"@id\":\"https:\\\/\\\/buenosdiasbcs.com\\\/#website\"},\"primaryImageOfPage\":{\"@id\":\"https:\\\/\\\/buenosdiasbcs.com\\\/?p=14777#primaryimage\"},\"image\":{\"@id\":\"https:\\\/\\\/buenosdiasbcs.com\\\/?p=14777#primaryimage\"},\"thumbnailUrl\":\"https:\\\/\\\/buenosdiasbcs.com\\\/wp-content\\\/uploads\\\/2026\\\/08\\\/6a626e9506e33.jpeg\",\"datePublished\":\"2026-08-31T07:31:00+00:00\",\"breadcrumb\":{\"@id\":\"https:\\\/\\\/buenosdiasbcs.com\\\/?p=14777#breadcrumb\"},\"inLanguage\":\"es\",\"potentialAction\":[{\"@type\":\"ReadAction\",\"target\":[\"https:\\\/\\\/buenosdiasbcs.com\\\/?p=14777\"]}]},{\"@type\":\"ImageObject\",\"inLanguage\":\"es\",\"@id\":\"https:\\\/\\\/buenosdiasbcs.com\\\/?p=14777#primaryimage\",\"url\":\"https:\\\/\\\/buenosdiasbcs.com\\\/wp-content\\\/uploads\\\/2026\\\/08\\\/6a626e9506e33.jpeg\",\"contentUrl\":\"https:\\\/\\\/buenosdiasbcs.com\\\/wp-content\\\/uploads\\\/2026\\\/08\\\/6a626e9506e33.jpeg\",\"width\":813,\"height\":542},{\"@type\":\"BreadcrumbList\",\"@id\":\"https:\\\/\\\/buenosdiasbcs.com\\\/?p=14777#breadcrumb\",\"itemListElement\":[{\"@type\":\"ListItem\",\"position\":1,\"name\":\"Portada\",\"item\":\"https:\\\/\\\/buenosdiasbcs.com\\\/\"},{\"@type\":\"ListItem\",\"position\":2,\"name\":\"Vacuna contra el dengue entra al Compendio Nacional en M\u00e9xico; \u00bfqu\u00e9 significa esto?\"}]},{\"@type\":\"WebSite\",\"@id\":\"https:\\\/\\\/buenosdiasbcs.com\\\/#website\",\"url\":\"https:\\\/\\\/buenosdiasbcs.com\\\/\",\"name\":\"Buenos D\u00edas BCS\",\"description\":\"\",\"publisher\":{\"@id\":\"https:\\\/\\\/buenosdiasbcs.com\\\/#organization\"},\"potentialAction\":[{\"@type\":\"SearchAction\",\"target\":{\"@type\":\"EntryPoint\",\"urlTemplate\":\"https:\\\/\\\/buenosdiasbcs.com\\\/?s={search_term_string}\"},\"query-input\":{\"@type\":\"PropertyValueSpecification\",\"valueRequired\":true,\"valueName\":\"search_term_string\"}}],\"inLanguage\":\"es\"},{\"@type\":\"Organization\",\"@id\":\"https:\\\/\\\/buenosdiasbcs.com\\\/#organization\",\"name\":\"Buenos D\u00edas BCS\",\"url\":\"https:\\\/\\\/buenosdiasbcs.com\\\/\",\"logo\":{\"@type\":\"ImageObject\",\"inLanguage\":\"es\",\"@id\":\"https:\\\/\\\/buenosdiasbcs.com\\\/#\\\/schema\\\/logo\\\/image\\\/\",\"url\":\"https:\\\/\\\/buenosdiasbcs.com\\\/wp-content\\\/uploads\\\/2026\\\/01\\\/logo-buenos-dias-40-01.png\",\"contentUrl\":\"https:\\\/\\\/buenosdiasbcs.com\\\/wp-content\\\/uploads\\\/2026\\\/01\\\/logo-buenos-dias-40-01.png\",\"width\":277,\"height\":40,\"caption\":\"Buenos D\u00edas BCS\"},\"image\":{\"@id\":\"https:\\\/\\\/buenosdiasbcs.com\\\/#\\\/schema\\\/logo\\\/image\\\/\"}},{\"@type\":\"Person\",\"@id\":\"https:\\\/\\\/buenosdiasbcs.com\\\/#\\\/schema\\\/person\\\/15aedc247eab7070ee5d76d6d069a821\",\"name\":\"Edici\u00f3n Buenos D\u00edas\",\"image\":{\"@type\":\"ImageObject\",\"inLanguage\":\"es\",\"@id\":\"https:\\\/\\\/buenosdiasbcs.com\\\/wp-content\\\/uploads\\\/2026\\\/01\\\/cropped-sol-96x96.png\",\"url\":\"https:\\\/\\\/buenosdiasbcs.com\\\/wp-content\\\/uploads\\\/2026\\\/01\\\/cropped-sol-96x96.png\",\"contentUrl\":\"https:\\\/\\\/buenosdiasbcs.com\\\/wp-content\\\/uploads\\\/2026\\\/01\\\/cropped-sol-96x96.png\",\"caption\":\"Edici\u00f3n Buenos D\u00edas\"},\"url\":\"https:\\\/\\\/buenosdiasbcs.com\\\/?author=2\"}]}<\/script>\n<!-- \/ Yoast SEO Premium plugin. -->","yoast_head_json":{"title":"Vacuna contra el dengue entra al Compendio Nacional en M\u00e9xico; \u00bfqu\u00e9 significa esto? - Buenos D\u00edas BCS","robots":{"index":"index","follow":"follow","max-snippet":"max-snippet:-1","max-image-preview":"max-image-preview:large","max-video-preview":"max-video-preview:-1"},"canonical":"https:\/\/buenosdiasbcs.com\/?p=14777","og_locale":"es_ES","og_type":"article","og_title":"Vacuna contra el dengue entra al Compendio Nacional en M\u00e9xico; \u00bfqu\u00e9 significa esto?","og_description":"M\u00e9xico incorpor\u00f3 una vacuna contra el dengue al Compendio Nacional de Insumos para la Salud; ser\u00e1 para personas de 10...","og_url":"https:\/\/buenosdiasbcs.com\/?p=14777","og_site_name":"Buenos D\u00edas BCS","article_published_time":"2026-08-31T07:31:00+00:00","og_image":[{"width":813,"height":542,"url":"https:\/\/buenosdiasbcs.com\/wp-content\/uploads\/2026\/08\/6a626e9506e33.jpeg","type":"image\/jpeg"}],"author":"Edici\u00f3n Buenos D\u00edas","twitter_card":"summary_large_image","twitter_misc":{"Escrito por":"Edici\u00f3n Buenos D\u00edas","Tiempo de lectura":"4 minutos"},"schema":{"@context":"https:\/\/schema.org","@graph":[{"@type":"Article","@id":"https:\/\/buenosdiasbcs.com\/?p=14777#article","isPartOf":{"@id":"https:\/\/buenosdiasbcs.com\/?p=14777"},"author":{"name":"Edici\u00f3n Buenos D\u00edas","@id":"https:\/\/buenosdiasbcs.com\/#\/schema\/person\/15aedc247eab7070ee5d76d6d069a821"},"headline":"Vacuna contra el dengue entra al Compendio Nacional en M\u00e9xico; \u00bfqu\u00e9 significa esto?","datePublished":"2026-08-31T07:31:00+00:00","mainEntityOfPage":{"@id":"https:\/\/buenosdiasbcs.com\/?p=14777"},"wordCount":699,"commentCount":0,"publisher":{"@id":"https:\/\/buenosdiasbcs.com\/#organization"},"image":{"@id":"https:\/\/buenosdiasbcs.com\/?p=14777#primaryimage"},"thumbnailUrl":"https:\/\/buenosdiasbcs.com\/wp-content\/uploads\/2026\/08\/6a626e9506e33.jpeg","articleSection":["Salud"],"inLanguage":"es","potentialAction":[{"@type":"CommentAction","name":"Comment","target":["https:\/\/buenosdiasbcs.com\/?p=14777#respond"]}]},{"@type":"WebPage","@id":"https:\/\/buenosdiasbcs.com\/?p=14777","url":"https:\/\/buenosdiasbcs.com\/?p=14777","name":"Vacuna contra el dengue entra al Compendio Nacional en M\u00e9xico; \u00bfqu\u00e9 significa esto? - Buenos D\u00edas BCS","isPartOf":{"@id":"https:\/\/buenosdiasbcs.com\/#website"},"primaryImageOfPage":{"@id":"https:\/\/buenosdiasbcs.com\/?p=14777#primaryimage"},"image":{"@id":"https:\/\/buenosdiasbcs.com\/?p=14777#primaryimage"},"thumbnailUrl":"https:\/\/buenosdiasbcs.com\/wp-content\/uploads\/2026\/08\/6a626e9506e33.jpeg","datePublished":"2026-08-31T07:31:00+00:00","breadcrumb":{"@id":"https:\/\/buenosdiasbcs.com\/?p=14777#breadcrumb"},"inLanguage":"es","potentialAction":[{"@type":"ReadAction","target":["https:\/\/buenosdiasbcs.com\/?p=14777"]}]},{"@type":"ImageObject","inLanguage":"es","@id":"https:\/\/buenosdiasbcs.com\/?p=14777#primaryimage","url":"https:\/\/buenosdiasbcs.com\/wp-content\/uploads\/2026\/08\/6a626e9506e33.jpeg","contentUrl":"https:\/\/buenosdiasbcs.com\/wp-content\/uploads\/2026\/08\/6a626e9506e33.jpeg","width":813,"height":542},{"@type":"BreadcrumbList","@id":"https:\/\/buenosdiasbcs.com\/?p=14777#breadcrumb","itemListElement":[{"@type":"ListItem","position":1,"name":"Portada","item":"https:\/\/buenosdiasbcs.com\/"},{"@type":"ListItem","position":2,"name":"Vacuna contra el dengue entra al Compendio Nacional en M\u00e9xico; \u00bfqu\u00e9 significa esto?"}]},{"@type":"WebSite","@id":"https:\/\/buenosdiasbcs.com\/#website","url":"https:\/\/buenosdiasbcs.com\/","name":"Buenos D\u00edas BCS","description":"","publisher":{"@id":"https:\/\/buenosdiasbcs.com\/#organization"},"potentialAction":[{"@type":"SearchAction","target":{"@type":"EntryPoint","urlTemplate":"https:\/\/buenosdiasbcs.com\/?s={search_term_string}"},"query-input":{"@type":"PropertyValueSpecification","valueRequired":true,"valueName":"search_term_string"}}],"inLanguage":"es"},{"@type":"Organization","@id":"https:\/\/buenosdiasbcs.com\/#organization","name":"Buenos D\u00edas BCS","url":"https:\/\/buenosdiasbcs.com\/","logo":{"@type":"ImageObject","inLanguage":"es","@id":"https:\/\/buenosdiasbcs.com\/#\/schema\/logo\/image\/","url":"https:\/\/buenosdiasbcs.com\/wp-content\/uploads\/2026\/01\/logo-buenos-dias-40-01.png","contentUrl":"https:\/\/buenosdiasbcs.com\/wp-content\/uploads\/2026\/01\/logo-buenos-dias-40-01.png","width":277,"height":40,"caption":"Buenos D\u00edas BCS"},"image":{"@id":"https:\/\/buenosdiasbcs.com\/#\/schema\/logo\/image\/"}},{"@type":"Person","@id":"https:\/\/buenosdiasbcs.com\/#\/schema\/person\/15aedc247eab7070ee5d76d6d069a821","name":"Edici\u00f3n Buenos D\u00edas","image":{"@type":"ImageObject","inLanguage":"es","@id":"https:\/\/buenosdiasbcs.com\/wp-content\/uploads\/2026\/01\/cropped-sol-96x96.png","url":"https:\/\/buenosdiasbcs.com\/wp-content\/uploads\/2026\/01\/cropped-sol-96x96.png","contentUrl":"https:\/\/buenosdiasbcs.com\/wp-content\/uploads\/2026\/01\/cropped-sol-96x96.png","caption":"Edici\u00f3n Buenos D\u00edas"},"url":"https:\/\/buenosdiasbcs.com\/?author=2"}]}},"amp_enabled":true,"_links":{"self":[{"href":"https:\/\/buenosdiasbcs.com\/index.php?rest_route=\/wp\/v2\/posts\/14777","targetHints":{"allow":["GET"]}}],"collection":[{"href":"https:\/\/buenosdiasbcs.com\/index.php?rest_route=\/wp\/v2\/posts"}],"about":[{"href":"https:\/\/buenosdiasbcs.com\/index.php?rest_route=\/wp\/v2\/types\/post"}],"author":[{"embeddable":true,"href":"https:\/\/buenosdiasbcs.com\/index.php?rest_route=\/wp\/v2\/users\/2"}],"replies":[{"embeddable":true,"href":"https:\/\/buenosdiasbcs.com\/index.php?rest_route=%2Fwp%2Fv2%2Fcomments&post=14777"}],"version-history":[{"count":1,"href":"https:\/\/buenosdiasbcs.com\/index.php?rest_route=\/wp\/v2\/posts\/14777\/revisions"}],"predecessor-version":[{"id":14779,"href":"https:\/\/buenosdiasbcs.com\/index.php?rest_route=\/wp\/v2\/posts\/14777\/revisions\/14779"}],"wp:featuredmedia":[{"embeddable":true,"href":"https:\/\/buenosdiasbcs.com\/index.php?rest_route=\/wp\/v2\/media\/14778"}],"wp:attachment":[{"href":"https:\/\/buenosdiasbcs.com\/index.php?rest_route=%2Fwp%2Fv2%2Fmedia&parent=14777"}],"wp:term":[{"taxonomy":"category","embeddable":true,"href":"https:\/\/buenosdiasbcs.com\/index.php?rest_route=%2Fwp%2Fv2%2Fcategories&post=14777"},{"taxonomy":"post_tag","embeddable":true,"href":"https:\/\/buenosdiasbcs.com\/index.php?rest_route=%2Fwp%2Fv2%2Ftags&post=14777"}],"curies":[{"name":"wp","href":"https:\/\/api.w.org\/{rel}","templated":true}]}}