{"id":14774,"date":"2026-08-31T00:28:00","date_gmt":"2026-08-31T07:28:00","guid":{"rendered":"https:\/\/buenosdiasbcs.com\/?p=14774"},"modified":"2026-08-30T14:31:10","modified_gmt":"2026-08-30T21:31:10","slug":"el-mexicano-patricio-salas-da-el-salto-al-futbol-de-portugal","status":"publish","type":"post","link":"https:\/\/buenosdiasbcs.com\/?p=14774","title":{"rendered":"El mexicano Patricio Salas da el salto al futbol de Portugal"},"content":{"rendered":"\n<h2 id=\"h-patricio-salas-dejara-al-club-america-para-jugar-cedido-en-el-famalicao-de-portugal-donde-buscara-consolidarse-en-su-primera-experiencia-en-europa\" class=\"wp-block-heading\">Patricio Salas dejar\u00e1 al Club Am\u00e9rica para jugar cedido en el Famalic\u00e3o de Portugal, donde buscar\u00e1 consolidarse en su primera experiencia en Europa.<\/h2>\n\n\n\n<p class=\"wp-block-paragraph\"><strong>Patricio Salas&nbsp;<\/strong>dejar\u00e1 al&nbsp;<strong>Club Am\u00e9rica<\/strong>&nbsp;para continuar su carrera en el futbol europeo, luego de que se reportara un acuerdo para que el mexicano se convierta en nuevo jugador del&nbsp;<strong>Famalic\u00e3o<\/strong>&nbsp;de la&nbsp;<strong>Primera Divisi\u00f3n de Portugal.<\/strong><\/p>\n\n\n\n<p class=\"wp-block-paragraph\">El futbolista formado en las fuerzas b\u00e1sicas del Am\u00e9rica se convierte en uno m\u00e1s de los jugadores mexicanos que tendr\u00e1n actividad durante la temporada 2026-2027 en el futbol europeo.<\/p>\n\n\n\n<figure class=\"wp-block-image is-resized\"><img decoding=\"async\" data-src=\"https:\/\/imagenes.excelsior.com.mx\/files\/image_449_252\/uploads\/2026\/08\/30\/6a949a6a58e5c.jpeg\" alt=\"Patricio Salas compartir\u00e1 liga con otro mexicano: Santiago Gim\u00e9nez.\" style=\"width:760px;height:auto\" src=\"data:image\/svg+xml;base64,PHN2ZyB3aWR0aD0iMSIgaGVpZ2h0PSIxIiB4bWxucz0iaHR0cDovL3d3dy53My5vcmcvMjAwMC9zdmciPjwvc3ZnPg==\" class=\"lazyload\" \/><figcaption class=\"wp-element-caption\">Patricio Salas compartir\u00e1 liga con otro mexicano: Santiago Gim\u00e9nez.MEXSPORT<\/figcaption><\/figure>\n\n\n\n<h2 id=\"h-patricio-salas-llegara-cedido-al-famalicao\" class=\"wp-block-heading\">Patricio Salas llegar\u00e1 cedido al Famalic\u00e3o<\/h2>\n\n\n\n<p class=\"wp-block-paragraph\">De acuerdo con informaci\u00f3n de periodista&nbsp;<strong>C\u00e9sar Luis Merlo<\/strong>, Patricio Salas se incorporar\u00e1 al Famalic\u00e3o mediante un pr\u00e9stamo de un a\u00f1o. El acuerdo contempla una opci\u00f3n de compra que el club portugu\u00e9s podr\u00e1 ejecutar si decide mantener al futbolista mexicano una vez que concluya la cesi\u00f3n.<\/p>\n\n\n\n<p class=\"wp-block-paragraph\">El jugador viajar\u00e1 durante los pr\u00f3ximos d\u00edas a Portugal para cumplir con las pruebas m\u00e9dicas y firmar el contrato que oficializar\u00e1 su incorporaci\u00f3n al equipo de la Primera Divisi\u00f3n portuguesa.<\/p>\n\n\n\n<p class=\"wp-block-paragraph\">La operaci\u00f3n permitir\u00eda al mexicano continuar su carrera fuera de la Liga MX y convertirse en uno de los futbolistas que salen al futbol europeo durante el actual mercado de transferencias.<\/p>\n\n\n\n<p class=\"wp-block-paragraph\">Salas se form\u00f3 en las categor\u00edas inferiores del Club Am\u00e9rica antes de llegar al primer equipo, donde tuvo actividad en distintas competiciones y sum\u00f3 experiencia dentro del plantel azulcrema.<\/p>\n\n\n\n<p class=\"wp-block-paragraph\">La llegada al Famalic\u00e3o representar\u00eda una nueva etapa para el futbolista, quien buscar\u00e1 continuar su desarrollo fuera de M\u00e9xico durante la temporada posterior a su salida del conjunto de Coapa.<\/p>\n\n\n\n<figure class=\"wp-block-image is-resized\"><img decoding=\"async\" data-src=\"https:\/\/imagenes.excelsior.com.mx\/files\/image_449_252\/files\/fp\/uploads\/2026\/08\/30\/6a949a30c6368.r_d.1461-820-1497.jpeg\" alt=\"Patricio Salas se form\u00f3 en las fuerzas b\u00e1sicas del Am\u00e9rica.\" style=\"width:760px;height:auto\" src=\"data:image\/svg+xml;base64,PHN2ZyB3aWR0aD0iMSIgaGVpZ2h0PSIxIiB4bWxucz0iaHR0cDovL3d3dy53My5vcmcvMjAwMC9zdmciPjwvc3ZnPg==\" class=\"lazyload\" \/><figcaption class=\"wp-element-caption\">Patricio Salas se form\u00f3 en las fuerzas b\u00e1sicas del Am\u00e9rica.Jose Luis Melgarejo\/Mexsport<\/figcaption><\/figure>\n\n\n\n<h2 id=\"h-los-numeros-de-pato-salas-con-el-america\" class=\"wp-block-heading\">Los n\u00fameros de Pato Salas con el Am\u00e9rica<\/h2>\n\n\n\n<p class=\"wp-block-paragraph\">Considerando todas las competiciones, Patricio Salas disput\u00f3 35 partidos con el primer equipo del Club Am\u00e9rica, periodo en el que registr\u00f3 tres goles y dos asistencias.<\/p>\n\n\n\n<p class=\"wp-block-paragraph\">El mexicano llega al futbol portugu\u00e9s despu\u00e9s de su proceso en las fuerzas b\u00e1sicas y su posterior participaci\u00f3n con el primer equipo de las \u00c1guilas, desde donde ahora buscar\u00e1 consolidar su carrera en una nueva competencia.<\/p>\n\n\n\n<p class=\"wp-block-paragraph\">Su salida se produce en un verano en el que tambi\u00e9n se han reportado otros movimientos de futbolistas mexicanos hacia Europa, entre ellos el de&nbsp;<strong>Armando \u201cHormiga\u201d Gonz\u00e1lez<\/strong>&nbsp;al&nbsp;<strong>Olympiacos<\/strong>&nbsp;de la&nbsp;<strong>Superliga de Grecia<\/strong>, donde ya tuvo su debut. Tambi\u00e9n se encuentra pr\u00f3ximo a concretarse el movimiento de&nbsp;<strong>Erik Lira<\/strong>&nbsp;al&nbsp;<strong>M\u00f3naco<\/strong>&nbsp;de la&nbsp;<strong>Ligue 1.<\/strong><\/p>\n\n\n\n<p class=\"wp-block-paragraph\">En el caso de Salas, la cesi\u00f3n al Famalic\u00e3o responde a la posibilidad de darle proyecci\u00f3n fuera del Am\u00e9rica y mantener su desarrollo en otro entorno competitivo, con la opci\u00f3n de que el club portugu\u00e9s pueda adquirirlo al finalizar el pr\u00e9stamo.<\/p>\n\n\n\n<p class=\"wp-block-paragraph\"><\/p>\n","protected":false},"excerpt":{"rendered":"<p>Patricio Salas dejar\u00e1 al Club Am\u00e9rica para jugar cedido en el Famalic\u00e3o de Portugal, donde buscar\u00e1 consolidarse en su primera&#8230;<\/p>\n","protected":false},"author":2,"featured_media":14775,"comment_status":"open","ping_status":"open","sticky":false,"template":"","format":"standard","meta":{"rs_blank_template":"","rs_page_bg_color":"","slide_template_v7":"","footnotes":""},"categories":[34],"tags":[],"class_list":["post-14774","post","type-post","status-publish","format-standard","has-post-thumbnail","hentry","category-deportes"],"yoast_head":"<!-- This site is optimized with the Yoast SEO Premium plugin v26.8 (Yoast SEO v28.3) - https:\/\/yoast.com\/product\/yoast-seo-premium-wordpress\/ -->\n<title>El mexicano Patricio Salas da el salto al futbol de Portugal - Buenos D\u00edas BCS<\/title>\n<meta name=\"robots\" content=\"index, follow, max-snippet:-1, max-image-preview:large, max-video-preview:-1\" \/>\n<link rel=\"canonical\" href=\"https:\/\/buenosdiasbcs.com\/?p=14774\" \/>\n<meta property=\"og:locale\" content=\"es_ES\" \/>\n<meta property=\"og:type\" content=\"article\" \/>\n<meta property=\"og:title\" content=\"El mexicano Patricio Salas da el salto al futbol de Portugal\" \/>\n<meta property=\"og:description\" content=\"Patricio Salas dejar\u00e1 al Club Am\u00e9rica para jugar cedido en el Famalic\u00e3o de Portugal, donde buscar\u00e1 consolidarse en su primera...\" \/>\n<meta property=\"og:url\" content=\"https:\/\/buenosdiasbcs.com\/?p=14774\" \/>\n<meta property=\"og:site_name\" content=\"Buenos D\u00edas BCS\" \/>\n<meta property=\"article:published_time\" content=\"2026-08-31T07:28:00+00:00\" \/>\n<meta property=\"og:image\" content=\"https:\/\/buenosdiasbcs.com\/wp-content\/uploads\/2026\/08\/6a9499dbdf610.jpeg\" \/>\n\t<meta property=\"og:image:width\" content=\"813\" \/>\n\t<meta property=\"og:image:height\" content=\"542\" \/>\n\t<meta property=\"og:image:type\" content=\"image\/jpeg\" \/>\n<meta name=\"author\" content=\"Edici\u00f3n Buenos D\u00edas\" \/>\n<meta name=\"twitter:card\" content=\"summary_large_image\" \/>\n<meta name=\"twitter:label1\" content=\"Escrito por\" \/>\n\t<meta name=\"twitter:data1\" content=\"Edici\u00f3n Buenos D\u00edas\" \/>\n\t<meta name=\"twitter:label2\" content=\"Tiempo de lectura\" \/>\n\t<meta name=\"twitter:data2\" content=\"3 minutos\" \/>\n<script type=\"application\/ld+json\" class=\"yoast-schema-graph\">{\"@context\":\"https:\\\/\\\/schema.org\",\"@graph\":[{\"@type\":\"Article\",\"@id\":\"https:\\\/\\\/buenosdiasbcs.com\\\/?p=14774#article\",\"isPartOf\":{\"@id\":\"https:\\\/\\\/buenosdiasbcs.com\\\/?p=14774\"},\"author\":{\"name\":\"Edici\u00f3n Buenos D\u00edas\",\"@id\":\"https:\\\/\\\/buenosdiasbcs.com\\\/#\\\/schema\\\/person\\\/15aedc247eab7070ee5d76d6d069a821\"},\"headline\":\"El mexicano Patricio Salas da el salto al futbol de Portugal\",\"datePublished\":\"2026-08-31T07:28:00+00:00\",\"mainEntityOfPage\":{\"@id\":\"https:\\\/\\\/buenosdiasbcs.com\\\/?p=14774\"},\"wordCount\":532,\"commentCount\":0,\"publisher\":{\"@id\":\"https:\\\/\\\/buenosdiasbcs.com\\\/#organization\"},\"image\":{\"@id\":\"https:\\\/\\\/buenosdiasbcs.com\\\/?p=14774#primaryimage\"},\"thumbnailUrl\":\"https:\\\/\\\/buenosdiasbcs.com\\\/wp-content\\\/uploads\\\/2026\\\/08\\\/6a9499dbdf610.jpeg\",\"articleSection\":[\"Deportes\"],\"inLanguage\":\"es\",\"potentialAction\":[{\"@type\":\"CommentAction\",\"name\":\"Comment\",\"target\":[\"https:\\\/\\\/buenosdiasbcs.com\\\/?p=14774#respond\"]}]},{\"@type\":\"WebPage\",\"@id\":\"https:\\\/\\\/buenosdiasbcs.com\\\/?p=14774\",\"url\":\"https:\\\/\\\/buenosdiasbcs.com\\\/?p=14774\",\"name\":\"El mexicano Patricio Salas da el salto al futbol de Portugal - Buenos D\u00edas BCS\",\"isPartOf\":{\"@id\":\"https:\\\/\\\/buenosdiasbcs.com\\\/#website\"},\"primaryImageOfPage\":{\"@id\":\"https:\\\/\\\/buenosdiasbcs.com\\\/?p=14774#primaryimage\"},\"image\":{\"@id\":\"https:\\\/\\\/buenosdiasbcs.com\\\/?p=14774#primaryimage\"},\"thumbnailUrl\":\"https:\\\/\\\/buenosdiasbcs.com\\\/wp-content\\\/uploads\\\/2026\\\/08\\\/6a9499dbdf610.jpeg\",\"datePublished\":\"2026-08-31T07:28:00+00:00\",\"breadcrumb\":{\"@id\":\"https:\\\/\\\/buenosdiasbcs.com\\\/?p=14774#breadcrumb\"},\"inLanguage\":\"es\",\"potentialAction\":[{\"@type\":\"ReadAction\",\"target\":[\"https:\\\/\\\/buenosdiasbcs.com\\\/?p=14774\"]}]},{\"@type\":\"ImageObject\",\"inLanguage\":\"es\",\"@id\":\"https:\\\/\\\/buenosdiasbcs.com\\\/?p=14774#primaryimage\",\"url\":\"https:\\\/\\\/buenosdiasbcs.com\\\/wp-content\\\/uploads\\\/2026\\\/08\\\/6a9499dbdf610.jpeg\",\"contentUrl\":\"https:\\\/\\\/buenosdiasbcs.com\\\/wp-content\\\/uploads\\\/2026\\\/08\\\/6a9499dbdf610.jpeg\",\"width\":813,\"height\":542},{\"@type\":\"BreadcrumbList\",\"@id\":\"https:\\\/\\\/buenosdiasbcs.com\\\/?p=14774#breadcrumb\",\"itemListElement\":[{\"@type\":\"ListItem\",\"position\":1,\"name\":\"Portada\",\"item\":\"https:\\\/\\\/buenosdiasbcs.com\\\/\"},{\"@type\":\"ListItem\",\"position\":2,\"name\":\"El mexicano Patricio Salas da el salto al futbol de Portugal\"}]},{\"@type\":\"WebSite\",\"@id\":\"https:\\\/\\\/buenosdiasbcs.com\\\/#website\",\"url\":\"https:\\\/\\\/buenosdiasbcs.com\\\/\",\"name\":\"Buenos D\u00edas BCS\",\"description\":\"\",\"publisher\":{\"@id\":\"https:\\\/\\\/buenosdiasbcs.com\\\/#organization\"},\"potentialAction\":[{\"@type\":\"SearchAction\",\"target\":{\"@type\":\"EntryPoint\",\"urlTemplate\":\"https:\\\/\\\/buenosdiasbcs.com\\\/?s={search_term_string}\"},\"query-input\":{\"@type\":\"PropertyValueSpecification\",\"valueRequired\":true,\"valueName\":\"search_term_string\"}}],\"inLanguage\":\"es\"},{\"@type\":\"Organization\",\"@id\":\"https:\\\/\\\/buenosdiasbcs.com\\\/#organization\",\"name\":\"Buenos D\u00edas BCS\",\"url\":\"https:\\\/\\\/buenosdiasbcs.com\\\/\",\"logo\":{\"@type\":\"ImageObject\",\"inLanguage\":\"es\",\"@id\":\"https:\\\/\\\/buenosdiasbcs.com\\\/#\\\/schema\\\/logo\\\/image\\\/\",\"url\":\"https:\\\/\\\/buenosdiasbcs.com\\\/wp-content\\\/uploads\\\/2026\\\/01\\\/logo-buenos-dias-40-01.png\",\"contentUrl\":\"https:\\\/\\\/buenosdiasbcs.com\\\/wp-content\\\/uploads\\\/2026\\\/01\\\/logo-buenos-dias-40-01.png\",\"width\":277,\"height\":40,\"caption\":\"Buenos D\u00edas BCS\"},\"image\":{\"@id\":\"https:\\\/\\\/buenosdiasbcs.com\\\/#\\\/schema\\\/logo\\\/image\\\/\"}},{\"@type\":\"Person\",\"@id\":\"https:\\\/\\\/buenosdiasbcs.com\\\/#\\\/schema\\\/person\\\/15aedc247eab7070ee5d76d6d069a821\",\"name\":\"Edici\u00f3n Buenos D\u00edas\",\"image\":{\"@type\":\"ImageObject\",\"inLanguage\":\"es\",\"@id\":\"https:\\\/\\\/buenosdiasbcs.com\\\/wp-content\\\/uploads\\\/2026\\\/01\\\/cropped-sol-96x96.png\",\"url\":\"https:\\\/\\\/buenosdiasbcs.com\\\/wp-content\\\/uploads\\\/2026\\\/01\\\/cropped-sol-96x96.png\",\"contentUrl\":\"https:\\\/\\\/buenosdiasbcs.com\\\/wp-content\\\/uploads\\\/2026\\\/01\\\/cropped-sol-96x96.png\",\"caption\":\"Edici\u00f3n Buenos D\u00edas\"},\"url\":\"https:\\\/\\\/buenosdiasbcs.com\\\/?author=2\"}]}<\/script>\n<!-- \/ Yoast SEO Premium plugin. -->","yoast_head_json":{"title":"El mexicano Patricio Salas da el salto al futbol de Portugal - Buenos D\u00edas BCS","robots":{"index":"index","follow":"follow","max-snippet":"max-snippet:-1","max-image-preview":"max-image-preview:large","max-video-preview":"max-video-preview:-1"},"canonical":"https:\/\/buenosdiasbcs.com\/?p=14774","og_locale":"es_ES","og_type":"article","og_title":"El mexicano Patricio Salas da el salto al futbol de Portugal","og_description":"Patricio Salas dejar\u00e1 al Club Am\u00e9rica para jugar cedido en el Famalic\u00e3o de Portugal, donde buscar\u00e1 consolidarse en su primera...","og_url":"https:\/\/buenosdiasbcs.com\/?p=14774","og_site_name":"Buenos D\u00edas BCS","article_published_time":"2026-08-31T07:28:00+00:00","og_image":[{"width":813,"height":542,"url":"https:\/\/buenosdiasbcs.com\/wp-content\/uploads\/2026\/08\/6a9499dbdf610.jpeg","type":"image\/jpeg"}],"author":"Edici\u00f3n Buenos D\u00edas","twitter_card":"summary_large_image","twitter_misc":{"Escrito por":"Edici\u00f3n Buenos D\u00edas","Tiempo de lectura":"3 minutos"},"schema":{"@context":"https:\/\/schema.org","@graph":[{"@type":"Article","@id":"https:\/\/buenosdiasbcs.com\/?p=14774#article","isPartOf":{"@id":"https:\/\/buenosdiasbcs.com\/?p=14774"},"author":{"name":"Edici\u00f3n Buenos D\u00edas","@id":"https:\/\/buenosdiasbcs.com\/#\/schema\/person\/15aedc247eab7070ee5d76d6d069a821"},"headline":"El mexicano Patricio Salas da el salto al futbol de Portugal","datePublished":"2026-08-31T07:28:00+00:00","mainEntityOfPage":{"@id":"https:\/\/buenosdiasbcs.com\/?p=14774"},"wordCount":532,"commentCount":0,"publisher":{"@id":"https:\/\/buenosdiasbcs.com\/#organization"},"image":{"@id":"https:\/\/buenosdiasbcs.com\/?p=14774#primaryimage"},"thumbnailUrl":"https:\/\/buenosdiasbcs.com\/wp-content\/uploads\/2026\/08\/6a9499dbdf610.jpeg","articleSection":["Deportes"],"inLanguage":"es","potentialAction":[{"@type":"CommentAction","name":"Comment","target":["https:\/\/buenosdiasbcs.com\/?p=14774#respond"]}]},{"@type":"WebPage","@id":"https:\/\/buenosdiasbcs.com\/?p=14774","url":"https:\/\/buenosdiasbcs.com\/?p=14774","name":"El mexicano Patricio Salas da el salto al futbol de Portugal - Buenos D\u00edas BCS","isPartOf":{"@id":"https:\/\/buenosdiasbcs.com\/#website"},"primaryImageOfPage":{"@id":"https:\/\/buenosdiasbcs.com\/?p=14774#primaryimage"},"image":{"@id":"https:\/\/buenosdiasbcs.com\/?p=14774#primaryimage"},"thumbnailUrl":"https:\/\/buenosdiasbcs.com\/wp-content\/uploads\/2026\/08\/6a9499dbdf610.jpeg","datePublished":"2026-08-31T07:28:00+00:00","breadcrumb":{"@id":"https:\/\/buenosdiasbcs.com\/?p=14774#breadcrumb"},"inLanguage":"es","potentialAction":[{"@type":"ReadAction","target":["https:\/\/buenosdiasbcs.com\/?p=14774"]}]},{"@type":"ImageObject","inLanguage":"es","@id":"https:\/\/buenosdiasbcs.com\/?p=14774#primaryimage","url":"https:\/\/buenosdiasbcs.com\/wp-content\/uploads\/2026\/08\/6a9499dbdf610.jpeg","contentUrl":"https:\/\/buenosdiasbcs.com\/wp-content\/uploads\/2026\/08\/6a9499dbdf610.jpeg","width":813,"height":542},{"@type":"BreadcrumbList","@id":"https:\/\/buenosdiasbcs.com\/?p=14774#breadcrumb","itemListElement":[{"@type":"ListItem","position":1,"name":"Portada","item":"https:\/\/buenosdiasbcs.com\/"},{"@type":"ListItem","position":2,"name":"El mexicano Patricio Salas da el salto al futbol de Portugal"}]},{"@type":"WebSite","@id":"https:\/\/buenosdiasbcs.com\/#website","url":"https:\/\/buenosdiasbcs.com\/","name":"Buenos D\u00edas BCS","description":"","publisher":{"@id":"https:\/\/buenosdiasbcs.com\/#organization"},"potentialAction":[{"@type":"SearchAction","target":{"@type":"EntryPoint","urlTemplate":"https:\/\/buenosdiasbcs.com\/?s={search_term_string}"},"query-input":{"@type":"PropertyValueSpecification","valueRequired":true,"valueName":"search_term_string"}}],"inLanguage":"es"},{"@type":"Organization","@id":"https:\/\/buenosdiasbcs.com\/#organization","name":"Buenos D\u00edas BCS","url":"https:\/\/buenosdiasbcs.com\/","logo":{"@type":"ImageObject","inLanguage":"es","@id":"https:\/\/buenosdiasbcs.com\/#\/schema\/logo\/image\/","url":"https:\/\/buenosdiasbcs.com\/wp-content\/uploads\/2026\/01\/logo-buenos-dias-40-01.png","contentUrl":"https:\/\/buenosdiasbcs.com\/wp-content\/uploads\/2026\/01\/logo-buenos-dias-40-01.png","width":277,"height":40,"caption":"Buenos D\u00edas BCS"},"image":{"@id":"https:\/\/buenosdiasbcs.com\/#\/schema\/logo\/image\/"}},{"@type":"Person","@id":"https:\/\/buenosdiasbcs.com\/#\/schema\/person\/15aedc247eab7070ee5d76d6d069a821","name":"Edici\u00f3n Buenos D\u00edas","image":{"@type":"ImageObject","inLanguage":"es","@id":"https:\/\/buenosdiasbcs.com\/wp-content\/uploads\/2026\/01\/cropped-sol-96x96.png","url":"https:\/\/buenosdiasbcs.com\/wp-content\/uploads\/2026\/01\/cropped-sol-96x96.png","contentUrl":"https:\/\/buenosdiasbcs.com\/wp-content\/uploads\/2026\/01\/cropped-sol-96x96.png","caption":"Edici\u00f3n Buenos D\u00edas"},"url":"https:\/\/buenosdiasbcs.com\/?author=2"}]}},"amp_enabled":true,"_links":{"self":[{"href":"https:\/\/buenosdiasbcs.com\/index.php?rest_route=\/wp\/v2\/posts\/14774","targetHints":{"allow":["GET"]}}],"collection":[{"href":"https:\/\/buenosdiasbcs.com\/index.php?rest_route=\/wp\/v2\/posts"}],"about":[{"href":"https:\/\/buenosdiasbcs.com\/index.php?rest_route=\/wp\/v2\/types\/post"}],"author":[{"embeddable":true,"href":"https:\/\/buenosdiasbcs.com\/index.php?rest_route=\/wp\/v2\/users\/2"}],"replies":[{"embeddable":true,"href":"https:\/\/buenosdiasbcs.com\/index.php?rest_route=%2Fwp%2Fv2%2Fcomments&post=14774"}],"version-history":[{"count":1,"href":"https:\/\/buenosdiasbcs.com\/index.php?rest_route=\/wp\/v2\/posts\/14774\/revisions"}],"predecessor-version":[{"id":14776,"href":"https:\/\/buenosdiasbcs.com\/index.php?rest_route=\/wp\/v2\/posts\/14774\/revisions\/14776"}],"wp:featuredmedia":[{"embeddable":true,"href":"https:\/\/buenosdiasbcs.com\/index.php?rest_route=\/wp\/v2\/media\/14775"}],"wp:attachment":[{"href":"https:\/\/buenosdiasbcs.com\/index.php?rest_route=%2Fwp%2Fv2%2Fmedia&parent=14774"}],"wp:term":[{"taxonomy":"category","embeddable":true,"href":"https:\/\/buenosdiasbcs.com\/index.php?rest_route=%2Fwp%2Fv2%2Fcategories&post=14774"},{"taxonomy":"post_tag","embeddable":true,"href":"https:\/\/buenosdiasbcs.com\/index.php?rest_route=%2Fwp%2Fv2%2Ftags&post=14774"}],"curies":[{"name":"wp","href":"https:\/\/api.w.org\/{rel}","templated":true}]}}